{"id":577,"date":"2022-07-20T13:52:22","date_gmt":"2022-07-20T13:52:22","guid":{"rendered":"https:\/\/www.alpenclassics.de\/ratgeber\/?p=577"},"modified":"2022-07-26T08:03:08","modified_gmt":"2022-07-26T08:03:08","slug":"kinder-trachten","status":"publish","type":"post","link":"https:\/\/www.alpenclassics.de\/ratgeber\/kinder-trachten\/","title":{"rendered":"Kinder Trachten"},"content":{"rendered":"<div id=\"oktoberfest-orientierung\" class=\"bauernhochzeit lime page-wrap mm-page mm-slideout\">\n<div class=\"bsr\"><\/div>\n<section class=\"hero\">\n<div class=\"gradient-overlay-r\">\n<div class=\"container\">\n<div class=\"hero-img\">\n                    <img decoding=\"async\" src=\"https:\/\/www.alpenclassics.de\/ratgeber\/wp-content\/uploads\/2022\/07\/Kinder-Tracht-11.png\" alt=\"\"><\/div>\n<div class=\"hero-content\">\n<h1 class=\"hero-heading\">\n                        Kinder Trachten\n<span>Wunderh\u00fcbsch und<br class=\"blank\">\nherrlich bequem<\/span><\/h1>\n<a href=\"#info\" class=\"button\">Mehr erfahren <i class=\"fa fa-chevron-down\"><\/i><\/a>\n\n<\/div>\n<\/div>\n<\/div>\n<\/section>\n<div class=\"container section-container\">\n<section class=\"overview\" id=\"info\">\n<div class=\"container dashed-container\">\n<div class=\"row\">\n<div class=\"col-sm-7 col-xs-12 about\">\n<h2>Dirndl und Trachtenhosen f\u00fcr Kids<\/h2>\n<div>Trachtenmode hat das ganze Jahr hindurch Saison. Nicht nur in M\u00fcnchen auf\nder Wiesn, dem bekanntesten Volksfest der Welt, sondern auch in Stuttgart bei\nder Cannstatter Wasen sind Trachten gern gesehen. Bei Taufen, Prozessionen,\nbei Hochzeiten sowie bei Geburtstagen oder Kinderfesten sind sch\u00f6ne Trachten\nebenfalls mit von der Partie. Dabei sind Kindertrachten ganz besondere\nHingucker. Ob Junge oder M\u00e4dchen &#8211; die lieben Kleinen sehen in einem\nKinderdirndl oder in einer Kniebund- bzw. Lederhose mit Janker ausgesprochen\nfesch aus.<\/div>\n<div>Die Trachtenhose f\u00fcr Kinder hat eine lange Tradition. Bereits zu Beginn des 19.\nJahrhunderts waren Lederhosen beliebt, weil sie als besonders robust galten.\nDank ihrer besonderen Strapazierf\u00e4higkeit und der Anpassungsf\u00e4higkeit waren\nsie die idealen Kleidungsst\u00fccke, die Kinder beim Spielen und Toben trugen.\nAnders als die klassische Lederhose ist die moderne Trachtenhose f\u00fcr Jungen\nmit h\u00fcbschen Verzierungen und Stickereien versehen. Man tr\u00e4gt dazu ein\nstilechtes T-Shirt, ein sch\u00f6nes Hemd mit langen oder kurzen \u00c4rmeln und eine\nStrickjacke. Hierbei sind den Designern bei der optischen Gestaltung sowie bei\nder Auswahl der Materialien kaum Grenzen gesetzt. In jeder Farbe und in allen\nGr\u00f6\u00dfen sind die sch\u00f6nsten Trachten zu haben. Wie wundervoll es aussieht,\nwenn die ganze Familie im Trachtenoutfit daherkommt. In solch fescher\nTraditionskleidung ziehen Sie ganz gewiss die Blicke auf sich.<\/div>\n<\/div>\n<div class=\"col-sm-5 col-xs-12 chapter-nav\">\n<ul>\n \t<li>\n                                <a onclick=\"location.href='#section2'\" class=\"chapter-item\">\n<div class=\"chapter-item-img\">\n                                        <img decoding=\"async\" src=\"https:\/\/www.alpenclassics.de\/ratgeber\/wp-content\/uploads\/2022\/07\/Trachten-Fashion-fu\u2560er-Klein-und-Gro\u251c\u0192-1.png\" alt=\"\"><\/div>\n<div class=\"double-line\">Traumhaft sch\u00f6ne Trachten-Fashion f\u00fcr\nKlein und Gro\u00df<\/div>\n<\/a><a onclick=\"location.href='#section2'\" class=\"chapter-item\"><\/a><a onclick=\"location.href='#section2'\" class=\"chapter-item\"><\/a><a onclick=\"location.href='#section2'\" class=\"chapter-item\"><\/a><a onclick=\"location.href='#section2'\" class=\"chapter-item\"><\/a><a onclick=\"location.href='#section2'\" class=\"chapter-item\">                                <\/a><a onclick=\"location.href='#section2'\" class=\"chapter-item\"><\/a><a onclick=\"location.href='#section2'\" class=\"chapter-item\"> <\/a>\n<img decoding=\"async\" src=\"..\/files\/images\/chapter-bg.png\" alt=\"\" class=\"chapter-bg\"><\/li>\n \t<li>\n                                <a onclick=\"location.href='#section3'\" class=\"chapter-item\">\n<div class=\"chapter-item-img\">\n                                        <img decoding=\"async\" src=\"https:\/\/www.alpenclassics.de\/ratgeber\/wp-content\/uploads\/2022\/07\/Trachtenmode-fu\u2560er-die-Buam-1.png\" alt=\"\"><\/div>\n<div class=\"single-line\">Fesche Trachtenmode f\u00fcr die Buam<\/div>\n<\/a><a onclick=\"location.href='#section3'\" class=\"chapter-item\"><\/a><a onclick=\"location.href='#section3'\" class=\"chapter-item\"><\/a><a onclick=\"location.href='#section3'\" class=\"chapter-item\"><\/a><a onclick=\"location.href='#section3'\" class=\"chapter-item\"><\/a><a onclick=\"location.href='#section3'\" class=\"chapter-item\">                                <\/a><a onclick=\"location.href='#section3'\" class=\"chapter-item\"><\/a><a onclick=\"location.href='#section3'\" class=\"chapter-item\"> <\/a>\n<img decoding=\"async\" src=\"..\/files\/images\/chapter-bg.png\" alt=\"\" class=\"chapter-bg\"><\/li>\n<\/ul>\n<\/div>\n<\/div>\n<\/div>\n<\/section>\n<section class=\"chapter\" id=\"section2\">\n<div class=\"container wrapper-container\">\n<div class=\"wrapper\">\n<div class=\"chapter-header\">\n                        <span class=\"chapter-header-icon\"><img decoding=\"async\" src=\"https:\/\/www.alpenclassics.de\/ratgeber\/wp-content\/uploads\/2022\/07\/Trachten-Fashion-fu\u2560er-Klein-und-Gro\u251c\u0192-1.png\" alt=\"\"><\/span>\n<div class=\"chapter-header-bar\">\n<div class=\"chapter-header-border\"><\/div>\n<\/div>\n<\/div>\n<h2 class=\"chapter-heading\">Traumhaft sch\u00f6ne Trachten-Fashion f\u00fcr Klein und Gro\u00df<\/h2>\n<div class=\"justify-columns\">\n<div>Die jungen Madln lieben es, der Mama nachzueifern. So auch dann, wenn es um Trachtenmode\ngeht. Dank der gut durchdachten Materialbeschaffenheit sind die meisten Kinderdirndl besonders\npflegeleicht. Dirndl mit \u00fcppigen Applikationen und Glitzerelementen bringen die Augen der Kids\nebenfalls zum Leuchten. Damit sich die Kinder, sofern es erforderlich ist, an die traditionellen\nOutfits gew\u00f6hnen k\u00f6nnen, k\u00f6nnen Sie alternativ auf moderne Trachtenr\u00f6cke, Spitzenblusen und\nkindgerechten R\u00fcckentops zur\u00fcckgreifen. Mit diesen attraktiven Kleidungsst\u00fccken k\u00f6nnen selbst\ndie jungen Leute an Trachtenkleidung herangef\u00fchrt werden, die in Regionen leben, in denen\nDirndl, Krachlederne und Co. nicht so gel\u00e4ufig sind. Zum Beispiel in Hamburg, K\u00f6ln, Dresden oder\nBerlin. Die Erfahrung zeigt, dass Trachtenmode f\u00fcr Kinder in immer mehr St\u00e4dten an Bedeutung\ngewinnt. F\u00fcr jeden Geschmack und f\u00fcr jeden Anlass gibt es daher mittlerweile die passenden\nOutfits im Trachten-Stil.<\/div>\n<\/div>\n<\/div>\n<\/div>\n<\/section>\n<section class=\"chapter\" id=\"section3\">\n<div class=\"container wrapper-container\">\n<div class=\"wrapper\">\n<div class=\"chapter-header\">\n                        <span class=\"chapter-header-icon\"><img decoding=\"async\" src=\"https:\/\/www.alpenclassics.de\/ratgeber\/wp-content\/uploads\/2022\/07\/Trachtenmode-fu\u2560er-die-Buam-1.png\" alt=\"\"><\/span>\n<div class=\"chapter-header-bar\">\n<div class=\"chapter-header-border\"><\/div>\n<\/div>\n<\/div>\n<h2 class=\"chapter-heading\">Fesche Trachtenmode f\u00fcr die Buam<\/h2>\n<div class=\"justify-columns\">\n<div>F\u00fcr die Jungen bietet sich die Krachlederne in unterschiedlichen L\u00e4ngen und Farben an. Dazu passt\nperfekt das obligatorische Karohemd mit niedlichem Halstuch. Um den bayerischen Style komplett\nzu machen, k\u00f6nnen Sie an kalten Tagen eine Strickjacke mit Stickereien, Trachtensocken oder\nKniestr\u00fcmpfe aus Strick und bequeme Haferlschuhe dazu kombinieren. Ebenso schick ist eine\nSamtweste mit verspielten Mustern oder designstarken Applikationen. Ein Trachtenhut ist in jedem\nFall das T\u00fcpfelchen auf dem i. Einfach allerliebst!<\/div>\n<div>Kinder lieben es, die Welt zu entdecken und sich frei zu bewegen. Deshalb ist es wichtig, dass Sie\nsich f\u00fcr Kinder Trachten entscheiden, die nicht nur zauberhaft aussehen, sondern die au\u00dferdem\njede Menge Bewegungsfreiheit bietet. Bei modernen Lederhosen und Dirndln ist all das\ngew\u00e4hrleistet. Dank der hochwertigen textilen Beschaffenheit k\u00f6nnen die Blusen, Hemden, Shirts\nund Jacken bei Bedarf in der Waschmaschine gewaschen werden. Meist ist die Kleidung schon am\nn\u00e4chsten Tag wieder getrocknet, sodass der Nachwuchs sie erneut tragen kann.<\/div>\n<div>Trachtenmode ist nicht nur f\u00fcr kleine Kinder etwas Besonderes, sondern auch den gr\u00f6\u00dferen Kids\nsteht sie ausgesprochen gut. Wer auf dem Lande lebt, ben\u00f6tigt unter anderem f\u00fcr\nLandjugendfeste, f\u00fcr Ernte-Dank-Events oder f\u00fcr \u00e4hnliche Anl\u00e4sse mindestens ein Dirndl. Auch die\njungen M\u00e4nner kommen ohne Trachten- oder Karohemden nicht aus. Ob sie dazu die echte\nKrachlederne und derbe Stricksocken und Haferlschuhe w\u00e4hlen, ist reine Geschmacksache. F\u00fcr den\nAnfang reicht es schon, wenn sie sie mit einer coolen Jeanshose oder farblich passenden Chinos\nkombinieren.<\/div>\n<div>Traditionen sollen bewahrt werden. Wenn jungen Menschen dieser Gedanke schon in der fr\u00fchen\nJugend nahegelegt wird, dann ist das etwas ganz Besonderes. Das Sch\u00f6ne an Trachtenmode ist,\ndass sie nicht zwangsl\u00e4ufig mit den typischen Kleidungsst\u00fccken und Accessoires kombiniert\nwerden muss. Wer mag, tr\u00e4gt stattdessen die bew\u00e4hrte Alltagskleidung dazu, wie zum Beispiel\nBlue Jeans oder bequeme Shirts. Erlaubt ist, was gef\u00e4llt.<\/div>\n<div>Entdecken Sie jetzt in unserem beliebten Online-Store die sch\u00f6nsten Trachten Moden f\u00fcr kleine\nund gro\u00dfe Kids. Viel Freude beim Shoppen!<\/div>\n<\/div>\n<\/div>\n<\/div>\n<\/section><\/div>\n<\/div>","protected":false},"excerpt":{"rendered":"<p>Wunderh\u00fcbsch und herrlich bequem<\/p>\n","protected":false},"author":3,"featured_media":543,"comment_status":"open","ping_status":"open","sticky":false,"template":"","format":"standard","meta":{"footnotes":""},"categories":[1],"tags":[],"class_list":["post-577","post","type-post","status-publish","format-standard","has-post-thumbnail","hentry","category-mainpost"],"_links":{"self":[{"href":"https:\/\/www.alpenclassics.de\/ratgeber\/wp-json\/wp\/v2\/posts\/577","targetHints":{"allow":["GET"]}}],"collection":[{"href":"https:\/\/www.alpenclassics.de\/ratgeber\/wp-json\/wp\/v2\/posts"}],"about":[{"href":"https:\/\/www.alpenclassics.de\/ratgeber\/wp-json\/wp\/v2\/types\/post"}],"author":[{"embeddable":true,"href":"https:\/\/www.alpenclassics.de\/ratgeber\/wp-json\/wp\/v2\/users\/3"}],"replies":[{"embeddable":true,"href":"https:\/\/www.alpenclassics.de\/ratgeber\/wp-json\/wp\/v2\/comments?post=577"}],"version-history":[{"count":6,"href":"https:\/\/www.alpenclassics.de\/ratgeber\/wp-json\/wp\/v2\/posts\/577\/revisions"}],"predecessor-version":[{"id":604,"href":"https:\/\/www.alpenclassics.de\/ratgeber\/wp-json\/wp\/v2\/posts\/577\/revisions\/604"}],"wp:featuredmedia":[{"embeddable":true,"href":"https:\/\/www.alpenclassics.de\/ratgeber\/wp-json\/wp\/v2\/media\/543"}],"wp:attachment":[{"href":"https:\/\/www.alpenclassics.de\/ratgeber\/wp-json\/wp\/v2\/media?parent=577"}],"wp:term":[{"taxonomy":"category","embeddable":true,"href":"https:\/\/www.alpenclassics.de\/ratgeber\/wp-json\/wp\/v2\/categories?post=577"},{"taxonomy":"post_tag","embeddable":true,"href":"https:\/\/www.alpenclassics.de\/ratgeber\/wp-json\/wp\/v2\/tags?post=577"}],"curies":[{"name":"wp","href":"https:\/\/api.w.org\/{rel}","templated":true}]}}