{"id":574,"date":"2022-07-20T13:51:33","date_gmt":"2022-07-20T13:51:33","guid":{"rendered":"https:\/\/www.alpenclassics.de\/ratgeber\/?p=574"},"modified":"2022-07-26T08:04:58","modified_gmt":"2022-07-26T08:04:58","slug":"die-jugend-tragt-tracht","status":"publish","type":"post","link":"https:\/\/www.alpenclassics.de\/ratgeber\/die-jugend-tragt-tracht\/","title":{"rendered":"Die Jugend tr\u00e4gt Tracht"},"content":{"rendered":"<div id=\"oktoberfest-orientierung\" class=\"bauernhochzeit blue page-wrap mm-page mm-slideout\">\n<div class=\"bsr\"><\/div>\n<section class=\"hero\">\n<div class=\"gradient-overlay-r\">\n<div class=\"container\">\n<div class=\"hero-img\">\n                    <img decoding=\"async\" src=\"https:\/\/www.alpenclassics.de\/ratgeber\/wp-content\/uploads\/2022\/07\/Die-Jugend-traegt-Tracht1.png\" alt=\"\"><\/div>\n<div class=\"hero-content\">\n<h1 class=\"hero-heading\">\n                        Die Jugend tr\u00e4gt Tracht\n<span>Fesch und cool zugleich &#8211;<br class=\"blank\">\nTrachtenmode f\u00fcr junge Menschen<\/span><\/h1>\n<a href=\"#info\" class=\"button\">Mehr erfahren <i class=\"fa fa-chevron-down\"><\/i><\/a>\n\n<\/div>\n<\/div>\n<\/div>\n<\/section>\n<div class=\"container section-container\">\n<section class=\"overview\" id=\"info\">\n<div class=\"container dashed-container\">\n<div class=\"row\">\n<div class=\"col-sm-7 col-xs-12 about\">\n<h2>Fesch und cool zugleich &#8211; Trachtenmode f\u00fcr junge Menschen<\/h2>\n<div>Immer mehr junge Menschen tragen zu Festen und Feiern in S\u00fcddeutschland\nselbstverst\u00e4ndlich Trachtenmode. Wer das Oktoberfest oder ein anderes gro\u00dfes\nVolksfest ohne Dirndlkleid oder Lederhose besucht, geh\u00f6rt nicht dazu. Ein\nfarbenfrohes Dirndl und das Trachten-T-Shirt f\u00fcr M\u00e4nner versetzen in Feierlaune\nund bestimmen das Bild bei vielen Parties. M\u00e4dchen und Jungen suchen sich\naus der vielf\u00e4ltigen Trachtenmode aus, was ihnen gef\u00e4llt. Sie tragen eine Weste\nmit akkurat gearbeiteten Paspeln zur Jeans. Eine lange oder kurze Trachtenbluse\npasst zum Hosenanzug. So ist es keine \u00dcberraschung, jung wirkende\nTrachtenmode beim sonnt\u00e4glichen Brunch oder den Familienfeiern zu sehen.\nMaterialien, Farben, sowie Stickerien oder Drucke bestimmen die Wirkung eines\nGewandes.<\/div>\n<\/div>\n<div class=\"col-sm-5 col-xs-12 chapter-nav\">\n<ul>\n \t<li>\n                                <a onclick=\"location.href='#section2'\" class=\"chapter-item\">\n<div class=\"chapter-item-img\">\n                                        <img decoding=\"async\" src=\"https:\/\/www.alpenclassics.de\/ratgeber\/wp-content\/uploads\/2022\/07\/Gute-Figur-1.png\" alt=\"\"><\/div>\n<div class=\"double-line\">Trachtenmode macht eine gute Figur<\/div>\n<\/a><a onclick=\"location.href='#section2'\" class=\"chapter-item\"><\/a><a onclick=\"location.href='#section2'\" class=\"chapter-item\"><\/a><a onclick=\"location.href='#section2'\" class=\"chapter-item\"><\/a><a onclick=\"location.href='#section2'\" class=\"chapter-item\"><\/a><a onclick=\"location.href='#section2'\" class=\"chapter-item\"><\/a><a onclick=\"location.href='#section2'\" class=\"chapter-item\"><\/a><a onclick=\"location.href='#section2'\" class=\"chapter-item\">                                <\/a><a onclick=\"location.href='#section2'\" class=\"chapter-item\"><\/a><a onclick=\"location.href='#section2'\" class=\"chapter-item\"> <\/a>\n<img decoding=\"async\" src=\"..\/files\/images\/chapter-bg.png\" alt=\"\" class=\"chapter-bg\"><\/li>\n \t<li>\n                                <a onclick=\"location.href='#section3'\" class=\"chapter-item\">\n<div class=\"chapter-item-img\">\n                                        <img decoding=\"async\" src=\"https:\/\/www.alpenclassics.de\/ratgeber\/wp-content\/uploads\/2022\/07\/Die-Wurzeln-1.png\" alt=\"\"><\/div>\n<div class=\"single-line\">Wo sind meine Wurzeln?<\/div>\n<\/a><a onclick=\"location.href='#section3'\" class=\"chapter-item\"><\/a><a onclick=\"location.href='#section3'\" class=\"chapter-item\"><\/a><a onclick=\"location.href='#section3'\" class=\"chapter-item\"><\/a><a onclick=\"location.href='#section3'\" class=\"chapter-item\"><\/a><a onclick=\"location.href='#section3'\" class=\"chapter-item\"><\/a><a onclick=\"location.href='#section3'\" class=\"chapter-item\"><\/a><a onclick=\"location.href='#section3'\" class=\"chapter-item\">                                <\/a><a onclick=\"location.href='#section3'\" class=\"chapter-item\"><\/a><a onclick=\"location.href='#section3'\" class=\"chapter-item\"> <\/a>\n<img decoding=\"async\" src=\"..\/files\/images\/chapter-bg.png\" alt=\"\" class=\"chapter-bg\"><\/li>\n \t<li>\n                                <a onclick=\"location.href='#section4'\" class=\"chapter-item\">\n<div class=\"chapter-item-img\">\n                                        <img decoding=\"async\" src=\"https:\/\/www.alpenclassics.de\/ratgeber\/wp-content\/uploads\/2022\/07\/Liebe-zur-Trachtenmode.png\" alt=\"\"><\/div>\n<div class=\"double-line\">Wie entsteht eine Liebe zur\nTrachtenmode?<\/div>\n<\/a><a onclick=\"location.href='#section4'\" class=\"chapter-item\"><\/a><a onclick=\"location.href='#section4'\" class=\"chapter-item\"><\/a><a onclick=\"location.href='#section4'\" class=\"chapter-item\"><\/a><a onclick=\"location.href='#section4'\" class=\"chapter-item\"><\/a><a onclick=\"location.href='#section4'\" class=\"chapter-item\"><\/a><a onclick=\"location.href='#section4'\" class=\"chapter-item\"><\/a><a onclick=\"location.href='#section4'\" class=\"chapter-item\">                                <\/a><a onclick=\"location.href='#section4'\" class=\"chapter-item\"><\/a><a onclick=\"location.href='#section4'\" class=\"chapter-item\"> <\/a>\n<img decoding=\"async\" src=\"..\/files\/images\/chapter-bg.png\" alt=\"\" class=\"chapter-bg\"><\/li>\n \t<li>\n                                <a onclick=\"location.href='#section5'\" class=\"chapter-item\">\n<div class=\"chapter-item-img\">\n                                        <img decoding=\"async\" src=\"https:\/\/www.alpenclassics.de\/ratgeber\/wp-content\/uploads\/2022\/07\/Trachtenkleidung-fu\u2560er-Modebewusste-1.png\" alt=\"\"><\/div>\n<div class=\"double-line\">Trachtenkleidung f\u00fcr Modebewusste<\/div>\n<\/a><a onclick=\"location.href='#section5'\" class=\"chapter-item\"><\/a><a onclick=\"location.href='#section5'\" class=\"chapter-item\"><\/a><a onclick=\"location.href='#section5'\" class=\"chapter-item\"><\/a><a onclick=\"location.href='#section5'\" class=\"chapter-item\"><\/a><a onclick=\"location.href='#section5'\" class=\"chapter-item\"><\/a><a onclick=\"location.href='#section5'\" class=\"chapter-item\"><\/a><a onclick=\"location.href='#section5'\" class=\"chapter-item\">                                <\/a><a onclick=\"location.href='#section5'\" class=\"chapter-item\"><\/a><a onclick=\"location.href='#section5'\" class=\"chapter-item\"> <\/a>\n<img decoding=\"async\" src=\"..\/files\/images\/chapter-bg.png\" alt=\"\" class=\"chapter-bg\"><\/li>\n<\/ul>\n<\/div>\n<\/div>\n<\/div>\n<\/section>\n<section class=\"chapter\" id=\"section2\">\n<div class=\"container wrapper-container\">\n<div class=\"wrapper\">\n<div class=\"chapter-header\">\n                        <span class=\"chapter-header-icon\"><img decoding=\"async\" src=\"https:\/\/www.alpenclassics.de\/ratgeber\/wp-content\/uploads\/2022\/07\/Gute-Figur-1.png\" alt=\"\"><\/span>\n<div class=\"chapter-header-bar\">\n<div class=\"chapter-header-border\"><\/div>\n<\/div>\n<\/div>\n<h2 class=\"chapter-heading\">Trachtenmode macht eine gute Figur<\/h2>\n<div class=\"justify-columns\">\n<div>Ein h\u00e4ufiger Grund zum Midi-Dirndl mit Mieder und weitem Rock oder zu einer M\u00e4nnertracht zu\ngreifen, ist der hervorragende Schnitt. Optische und \u00fcberzeugende Vorbilder bieten Film und\nFernsehen und die Auftritte Prominenter. Weder Gr\u00f6\u00dfe noch Proportion der Person spielen eine\ngro\u00dfe Rolle. Das gut geschnittene Mieder sitzt k\u00f6rpernah und hebt die Vorz\u00fcge der Tr\u00e4gerin\nhervor. Das Gleiche gilt f\u00fcr die Lederhose, die ihrem Tr\u00e4ger ein gutes Aussehen verleiht. Mit einem\nDirndl, passenden Accessoires und dem stilsicheren Trachtenanzug sind Sie f\u00fcr viele Anl\u00e4sse\ngewappnet. Die Trachtenmode ist eine gern gesehene Bekleidung auf \u00f6ffentlichen Anl\u00e4ssen.\nBayerische M\u00e4del und Buam entscheiden sich zunehmend, ihre Heirat in Tracht zu feiern.<\/div>\n<\/div>\n<\/div>\n<\/div>\n<\/section>\n<section class=\"chapter\" id=\"section3\">\n<div class=\"container wrapper-container\">\n<div class=\"wrapper\">\n<div class=\"chapter-header\">\n                        <span class=\"chapter-header-icon\"><img decoding=\"async\" src=\"https:\/\/www.alpenclassics.de\/ratgeber\/wp-content\/uploads\/2022\/07\/Die-Wurzeln-1.png\" alt=\"\"><\/span>\n<div class=\"chapter-header-bar\">\n<div class=\"chapter-header-border\"><\/div>\n<\/div>\n<\/div>\n<h2 class=\"chapter-heading\">Wo sind meine Wurzeln?<\/h2>\n<div class=\"justify-columns\">\n<div>Die Jugend vernetzt sich \u00fcber L\u00e4nder hinweg. Die eigene kulturelle Identit\u00e4t ist mit Trachtenmode\nschnell darstellbar, denn die visuelle Kommunikation wird immer wichtiger. Greifen Sie zur\nKarobluse mit Edelwei\u00df, zu Hosen mit traditioneller Stickerei am Bund, zu einem der weit\nschwingenden R\u00f6cke mit Sch\u00fcrze, dann sind sie sind im s\u00fcddeutschen Raum zu Hause. Silbrig\ngl\u00e4nzende Kn\u00f6pfe oder Hirschhornkn\u00f6pfe an Janker oder Weste sind ein dezenter Hinweis auf die\nheimatliche Region. Das Scharivari, eine Silberkette mit Anh\u00e4ngern macht neugierig und regt zu\nNachfragen an.<\/div>\n<\/div>\n<\/div>\n<\/div>\n<\/section>\n<section class=\"chapter\" id=\"section4\">\n<div class=\"container wrapper-container\">\n<div class=\"wrapper\">\n<div class=\"chapter-header\">\n                        <span class=\"chapter-header-icon\"><img decoding=\"async\" src=\"https:\/\/www.alpenclassics.de\/ratgeber\/wp-content\/uploads\/2022\/07\/Liebe-zur-Trachtenmode.png\" alt=\"\"><\/span>\n<div class=\"chapter-header-bar\">\n<div class=\"chapter-header-border\"><\/div>\n<\/div>\n<\/div>\n<h2 class=\"chapter-heading\">Wie entsteht eine Liebe zur Trachtenmode?<\/h2>\n<div class=\"justify-columns\">\n<div>Oft beginnt die Entdeckung bei den kleinen Dingen. Im Shop lockt TrachtenDirndlschmuck. Das\nCollier aus Glasperlen peppt das oft getragene Kleid auf. Ein altsilbernes Armband wird schnell zu\nIhrem Lieblingsschmuck. Pfeift der Wind, dann ist eine warme Wollm\u00fctze mit h\u00fcbschen Bl\u00fcten\nhilfreich. H\u00fcte sind traditionell im l\u00e4ndlichen Bereich. In den St\u00e4dten werden sie wieder entdeckt.\nH\u00fcte f\u00fcr M\u00e4nnlein und Weiblein, mit einem passenden Hutschmuck oder ohne &#8211; sie geben\nSicherheit und vervollst\u00e4ndigen die Kleidung. In manchen Situationen sind stabile Schuhe mit\nProfilsohlen notwendig. Junge M\u00e4nner begeistern sich f\u00fcr den Trachtensneaker und f\u00fcr die\nbew\u00e4hrten Haferlschuhe. Trachtenschuhe begleiten sogar den feinen Ausgehanzug. Zusammen mit\nden Str\u00fcmpfen der Trachtenmode ergeben sie ein vollst\u00e4ndiges Bild.<\/div>\n<\/div>\n<\/div>\n<\/div>\n<\/section>\n<section class=\"chapter\" id=\"section5\">\n<div class=\"container wrapper-container\">\n<div class=\"wrapper\">\n<div class=\"chapter-header\">\n                        <span class=\"chapter-header-icon\"><img decoding=\"async\" src=\"https:\/\/www.alpenclassics.de\/ratgeber\/wp-content\/uploads\/2022\/07\/Trachtenkleidung-fu\u2560er-Modebewusste-1.png\" alt=\"\"><\/span>\n<div class=\"chapter-header-bar\">\n<div class=\"chapter-header-border\"><\/div>\n<\/div>\n<\/div>\n<h2 class=\"chapter-heading\">Trachtenkleidung f\u00fcr Modebewusste<\/h2>\n<div class=\"justify-columns\">\n<div>Junge Frauen und M\u00e4nner, die gerne ihren eigenen Stil entwickeln, finden im Sortiment der\nTrachtenmode gute Anregungen. Typische Dirndlblusen bestehen aus feinem Stoff und Spitzen, sie\nsind hochgeschlossen, schulterfrei oder haben einen neckischem Ausschnitt. Die Schnitte enden\nimmer kurz unter dem Busen. Als Teenager ersetzen Sie an hei\u00dfen Sommertagen die beliebten,\nnabelfreien Shirts mit den kurzen Bl\u00fcschen. Das Trachtenhemd f\u00fcr Herren ist kariert oder einfarbig.\nHemden aus wei\u00dfem Stoff, mit kurzem oder langem Arm sind die ideale Erg\u00e4nzung zu\nTrachtenjacken und -westen und sie passen hervorragend zu einem Stoff-Anzug und Jeans.\nWirkungsvoll sind Mini-Dirndl und Trachtenhose mit der passenden Unterw\u00e4sche. Die B\u00fcstenhalter\nzeigen ihre Vorteile auch unter einfachen Shirts, w\u00e4hrend die k\u00f6rpernahen Lederhosen der Herren\nihren exakten Sitz \u00fcber einer Trachten-Unterhose erhalten.<\/div>\n<div>Jugendliche wollen Zukunft und der Trend liegt auf langlebiger Kleidung, die Mode mit Tradition\nverbindet und haltbar sein soll. Die robusten Jacken in vielen Varianten sind weit \u00fcber die Grenzen\nBayerns hinaus beliebt. Ihnen ist nicht anzusehen, in welchem Jahr sie entstanden sind und sie\nzeigen in jeder Situation eine gute Form. Sie begleiten Jungen und M\u00e4dchen zur Schule und zur\nAusbildung. M\u00e4ntel, Jacken und formsch\u00f6ne Westen tragen junge Frauen und M\u00e4nner w\u00e4hrend\nihres Studiums. https:\/\/www.alpenclassics.de\/trachtenmode-damen\/auf-nach-draussen Vorz\u00fcge\nhat die Trachtenmode bei Freizeitaktivit\u00e4ten, denn sie trotzt Hitze und K\u00e4lte, Regen macht ihr\nwenig aus. Leder ist in vielen Varianten ein Thema. Junge Damen setzen Lederhosen mit einer\nTrachtenbluse aus Spitze in Szene und die Lederhose ist bei den Herren in jeder L\u00e4nge beliebt.<\/div>\n<\/div>\n<\/div>\n<\/div>\n<\/section><\/div>\n<\/div>","protected":false},"excerpt":{"rendered":"<p>Fesch und cool zugleich &#8211; Trachtenmode f\u00fcr junge Menschen<\/p>\n","protected":false},"author":3,"featured_media":541,"comment_status":"open","ping_status":"open","sticky":false,"template":"","format":"standard","meta":{"footnotes":""},"categories":[1],"tags":[],"class_list":["post-574","post","type-post","status-publish","format-standard","has-post-thumbnail","hentry","category-mainpost"],"_links":{"self":[{"href":"https:\/\/www.alpenclassics.de\/ratgeber\/wp-json\/wp\/v2\/posts\/574","targetHints":{"allow":["GET"]}}],"collection":[{"href":"https:\/\/www.alpenclassics.de\/ratgeber\/wp-json\/wp\/v2\/posts"}],"about":[{"href":"https:\/\/www.alpenclassics.de\/ratgeber\/wp-json\/wp\/v2\/types\/post"}],"author":[{"embeddable":true,"href":"https:\/\/www.alpenclassics.de\/ratgeber\/wp-json\/wp\/v2\/users\/3"}],"replies":[{"embeddable":true,"href":"https:\/\/www.alpenclassics.de\/ratgeber\/wp-json\/wp\/v2\/comments?post=574"}],"version-history":[{"count":7,"href":"https:\/\/www.alpenclassics.de\/ratgeber\/wp-json\/wp\/v2\/posts\/574\/revisions"}],"predecessor-version":[{"id":610,"href":"https:\/\/www.alpenclassics.de\/ratgeber\/wp-json\/wp\/v2\/posts\/574\/revisions\/610"}],"wp:featuredmedia":[{"embeddable":true,"href":"https:\/\/www.alpenclassics.de\/ratgeber\/wp-json\/wp\/v2\/media\/541"}],"wp:attachment":[{"href":"https:\/\/www.alpenclassics.de\/ratgeber\/wp-json\/wp\/v2\/media?parent=574"}],"wp:term":[{"taxonomy":"category","embeddable":true,"href":"https:\/\/www.alpenclassics.de\/ratgeber\/wp-json\/wp\/v2\/categories?post=574"},{"taxonomy":"post_tag","embeddable":true,"href":"https:\/\/www.alpenclassics.de\/ratgeber\/wp-json\/wp\/v2\/tags?post=574"}],"curies":[{"name":"wp","href":"https:\/\/api.w.org\/{rel}","templated":true}]}}