{"id":572,"date":"2022-07-20T13:50:46","date_gmt":"2022-07-20T13:50:46","guid":{"rendered":"https:\/\/www.alpenclassics.de\/ratgeber\/?p=572"},"modified":"2022-07-26T08:05:22","modified_gmt":"2022-07-26T08:05:22","slug":"trachten-accessoires","status":"publish","type":"post","link":"https:\/\/www.alpenclassics.de\/ratgeber\/trachten-accessoires\/","title":{"rendered":"Trachten Accessoires"},"content":{"rendered":"<div id=\"oktoberfest-orientierung\" class=\"bauernhochzeit brown page-wrap mm-page mm-slideout\">\n<div class=\"bsr\"><\/div>\n<section class=\"hero\">\n<div class=\"gradient-overlay-r\">\n<div class=\"container\">\n<div class=\"hero-img\">\n                    <img decoding=\"async\" src=\"https:\/\/www.alpenclassics.de\/ratgeber\/wp-content\/uploads\/2022\/07\/Trachten-Accessoires.png\" alt=\"\"><\/div>\n<div class=\"hero-content\">\n<h1 class=\"hero-heading\">\n                        Trachten Accessoires\n<span>Nichts geht ohne sie<\/span><\/h1>\n<a href=\"#info\" class=\"button\">Mehr erfahren <i class=\"fa fa-chevron-down\"><\/i><\/a>\n\n<\/div>\n<\/div>\n<\/div>\n<\/section>\n<div class=\"container section-container\">\n<section class=\"overview\" id=\"info\">\n<div class=\"container dashed-container\">\n<div class=\"row\">\n<div class=\"col-sm-7 col-xs-12 about\">\n<h2>Trachten und Accessoires<\/h2>\n<div>Ein fesches Dirndl wird erst mit den passenden Trachten Accessoires wirklich\nperfekt. Ob zum Oktoberfest auf der Wiesn, bei einem Besuch im M\u00fcnchner\nBiergarten, bei Hochzeiten, Volksfesten oder bei bayerischen Motto-Partys\nk\u00f6nnen Damen und Herren sich nach Herzenslust in Schale werfen. Auch\nzwischendurch, beim Dinner mit dem Schatz oder im Rahmen des Urlaubs in\nbayerischen Landen geh\u00f6rt es f\u00fcr viele einfach dazu, das Dirndl anzulegen oder\nin die Lederhose zu schl\u00fcpfen. Damit ziehen Sie die bewundernden Blicke\ngarantiert rasch auf sich!<\/div>\n<div>Trachten sind einerseits ganz besondere Klassiker in der Modewelt, andererseits\nsind sie gerade jetzt absolut en vogue. Aber welche Trachten Accessoires\npassen zum Outfit? Was ist bei der Auswahl zu beachten? Und welcher Schmuck\npasst zu welcher Garderobe? Fragen \u00fcber Fragen &#8211; und hier gibt&#8217;s die\nAntworten.<\/div>\n<div>Soll es eine Kette sein? Oder edler Haarschmuck? Wie w\u00e4re es dar\u00fcber hinaus\nmit einem dekorativen Trachteng\u00fcrtel? Damen und Herren gleicherma\u00dfen\nhaben bei der Auswahl ihres Trachtenschmucks die Qual der Wahl. In jedem Fall\nist qualitativ hochwertiger Trachtenschmuck stets das T\u00fcpfelchen auf dem i zu\njedem Dirndl. Ob zierliche Halskette mit verspieltem Edelwei\u00df oder\nextravagantes Halsband aus Leder mit rustikalem Hirschmotiv und opulentem\nGeweih &#8211; der Kreativit\u00e4t der Designer sind kaum Grenzen gesetzt. Eine\nromantische Kette mit Herz Anh\u00e4nger macht jedes Dekollet\u00e9 ebenfalls zu einem\nverf\u00fchrerischen Hingucker. Trachtenschmuck und Accessoires gibt es in\ndezenten Styles, in auff\u00e4lliger Optik oder in traditionellem Look. Erlaubt ist, was\ngef\u00e4llt. F\u00fcr jeden Geschmack und jeden Anlass ist f\u00fcr Sie ganz gewiss etwas\ndabei.<\/div>\n<\/div>\n<div class=\"col-sm-5 col-xs-12 chapter-nav\">\n<ul>\n \t<li>\n                                <a onclick=\"location.href='#section2'\" class=\"chapter-item\">\n<div class=\"chapter-item-img\">\n                                        <img decoding=\"async\" src=\"https:\/\/www.alpenclassics.de\/ratgeber\/wp-content\/uploads\/2022\/07\/Trachtentaschen-1.png\" alt=\"\"><\/div>\n<div class=\"single-line\">Trachtentaschen<\/div>\n<\/a><a onclick=\"location.href='#section2'\" class=\"chapter-item\"><\/a><a onclick=\"location.href='#section2'\" class=\"chapter-item\"><\/a><a onclick=\"location.href='#section2'\" class=\"chapter-item\"><\/a><a onclick=\"location.href='#section2'\" class=\"chapter-item\"><\/a><a onclick=\"location.href='#section2'\" class=\"chapter-item\"><\/a><a onclick=\"location.href='#section2'\" class=\"chapter-item\"><\/a><a onclick=\"location.href='#section2'\" class=\"chapter-item\">                                <\/a><a onclick=\"location.href='#section2'\" class=\"chapter-item\"><\/a><a onclick=\"location.href='#section2'\" class=\"chapter-item\"> <\/a>\n<img decoding=\"async\" src=\"..\/files\/images\/chapter-bg.png\" alt=\"\" class=\"chapter-bg\"><\/li>\n \t<li>\n                                <a onclick=\"location.href='#section3'\" class=\"chapter-item\">\n<div class=\"chapter-item-img\">\n                                        <img decoding=\"async\" src=\"https:\/\/www.alpenclassics.de\/ratgeber\/wp-content\/uploads\/2022\/07\/Haarschmuck-1.png\" alt=\"\"><\/div>\n<div class=\"single-line\">Haarschmuck<\/div>\n<\/a><a onclick=\"location.href='#section3'\" class=\"chapter-item\"><\/a><a onclick=\"location.href='#section3'\" class=\"chapter-item\"><\/a><a onclick=\"location.href='#section3'\" class=\"chapter-item\"><\/a><a onclick=\"location.href='#section3'\" class=\"chapter-item\"><\/a><a onclick=\"location.href='#section3'\" class=\"chapter-item\"><\/a><a onclick=\"location.href='#section3'\" class=\"chapter-item\"><\/a><a onclick=\"location.href='#section3'\" class=\"chapter-item\">                                <\/a><a onclick=\"location.href='#section3'\" class=\"chapter-item\"><\/a><a onclick=\"location.href='#section3'\" class=\"chapter-item\"> <\/a>\n<img decoding=\"async\" src=\"..\/files\/images\/chapter-bg.png\" alt=\"\" class=\"chapter-bg\"><\/li>\n \t<li>\n                                <a onclick=\"location.href='#section4'\" class=\"chapter-item\">\n<div class=\"chapter-item-img\">\n                                        <img decoding=\"async\" src=\"https:\/\/www.alpenclassics.de\/ratgeber\/wp-content\/uploads\/2022\/07\/Trachtentuch-1.png\" alt=\"\"><\/div>\n<div class=\"single-line\">Trachtentuch<\/div>\n<\/a><a onclick=\"location.href='#section4'\" class=\"chapter-item\"><\/a><a onclick=\"location.href='#section4'\" class=\"chapter-item\"><\/a><a onclick=\"location.href='#section4'\" class=\"chapter-item\"><\/a><a onclick=\"location.href='#section4'\" class=\"chapter-item\"><\/a><a onclick=\"location.href='#section4'\" class=\"chapter-item\"><\/a><a onclick=\"location.href='#section4'\" class=\"chapter-item\"><\/a><a onclick=\"location.href='#section4'\" class=\"chapter-item\">                                <\/a><a onclick=\"location.href='#section4'\" class=\"chapter-item\"><\/a><a onclick=\"location.href='#section4'\" class=\"chapter-item\"> <\/a>\n<img decoding=\"async\" src=\"..\/files\/images\/chapter-bg.png\" alt=\"\" class=\"chapter-bg\"><\/li>\n \t<li>\n                                <a onclick=\"location.href='#section5'\" class=\"chapter-item\">\n<div class=\"chapter-item-img\">\n                                        <img decoding=\"async\" src=\"https:\/\/www.alpenclassics.de\/ratgeber\/wp-content\/uploads\/2022\/07\/Trachtengu\u2560ertel-1.png\" alt=\"\"><\/div>\n<div class=\"single-line\">Trachteng\u00fcrtel<\/div>\n<\/a><a onclick=\"location.href='#section5'\" class=\"chapter-item\"><\/a><a onclick=\"location.href='#section5'\" class=\"chapter-item\"><\/a><a onclick=\"location.href='#section5'\" class=\"chapter-item\"><\/a><a onclick=\"location.href='#section5'\" class=\"chapter-item\"><\/a><a onclick=\"location.href='#section5'\" class=\"chapter-item\"><\/a><a onclick=\"location.href='#section5'\" class=\"chapter-item\"><\/a><a onclick=\"location.href='#section5'\" class=\"chapter-item\">                                <\/a><a onclick=\"location.href='#section5'\" class=\"chapter-item\"><\/a><a onclick=\"location.href='#section5'\" class=\"chapter-item\"> <\/a>\n<img decoding=\"async\" src=\"..\/files\/images\/chapter-bg.png\" alt=\"\" class=\"chapter-bg\"><\/li>\n \t<li>\n                                <a onclick=\"location.href='#section6'\" class=\"chapter-item\">\n<div class=\"chapter-item-img\">\n                                        <img decoding=\"async\" src=\"https:\/\/www.alpenclassics.de\/ratgeber\/wp-content\/uploads\/2022\/07\/Die-scho\u2560ensten-Trachten-Accessoires-1.png\" alt=\"\"><\/div>\n<div class=\"double-line\">Die sch\u00f6nsten Trachten Accessoires<\/div>\n<\/a><a onclick=\"location.href='#section6'\" class=\"chapter-item\"><\/a><a onclick=\"location.href='#section6'\" class=\"chapter-item\"><\/a><a onclick=\"location.href='#section6'\" class=\"chapter-item\"><\/a><a onclick=\"location.href='#section6'\" class=\"chapter-item\"><\/a><a onclick=\"location.href='#section6'\" class=\"chapter-item\"><\/a><a onclick=\"location.href='#section6'\" class=\"chapter-item\"><\/a><a onclick=\"location.href='#section6'\" class=\"chapter-item\">                                <\/a><a onclick=\"location.href='#section6'\" class=\"chapter-item\"><\/a><a onclick=\"location.href='#section6'\" class=\"chapter-item\"> <\/a>\n<img decoding=\"async\" src=\"..\/files\/images\/chapter-bg.png\" alt=\"\" class=\"chapter-bg\"><\/li>\n<\/ul>\n<\/div>\n<\/div>\n<\/div>\n<\/section>\n<section class=\"chapter\" id=\"section2\">\n<div class=\"container wrapper-container\">\n<div class=\"wrapper\">\n<div class=\"chapter-header\">\n                        <span class=\"chapter-header-icon\"><img decoding=\"async\" src=\"https:\/\/www.alpenclassics.de\/ratgeber\/wp-content\/uploads\/2022\/07\/Trachtentaschen-1.png\" alt=\"\"><\/span>\n<div class=\"chapter-header-bar\">\n<div class=\"chapter-header-border\"><\/div>\n<\/div>\n<\/div>\n<h2 class=\"chapter-heading\">Ganz einfach die passenden Trachtentaschen finden<\/h2>\n<div class=\"justify-columns\">\n<div>Damen und M\u00e4dchen komplettieren ihre Trachten-Garderobe nach Belieben mit einem schmucken\nHut, sch\u00f6nem Haarschmuck, einem Trachteng\u00fcrtel oder mit edlem Hals- und Armschmuck. Auch\ndas Trachtentuch und die Trachtentasche geh\u00f6ren unbedingt dazu. Die Herren der Sch\u00f6pfung\nsetzen hingegen auf Hosentr\u00e4ger, Socken, Loferl und derbe G\u00fcrtel mit Hirschmotiv und Geweih.<\/div>\n<div>Ein Blick in die faszinierende Welt der Trachtentaschen ist atemberaubend. Ob Shopper oder\nBeuteltaschen, ob Herztaschen, Shopper, Clutches oder Umh\u00e4ngetaschen &#8211; die wundersch\u00f6nen\nAccessoires dieser Produktkategorie sind ausgesprochen vielf\u00e4ltig. W\u00e4hlen Sie einfach die Form,\nFarbe und Gr\u00f6\u00dfe sowie die Verzierungen und Applikationen aus, die Ihr Herz h\u00f6her schlagen\nlassen. Es macht so viel Freude, Trachtentaschen zu kaufen und damit bei der n\u00e4chsten Feierlichkeit\nbestens ger\u00fcstet zu sein. Taschen mit Pins und Edelwei\u00df, aber auch mit erlesenen Stickereien oder\ngar mit Federn bringen die Augen der Damen zum Leuchten. Beeindruckend, was sich darin alles\nverstauen l\u00e4sst! Vom Smartphone bis zum Lippenstift findet so alles seinen Platz.<\/div>\n<\/div>\n<\/div>\n<\/div>\n<\/section>\n<section class=\"chapter\" id=\"section3\">\n<div class=\"container wrapper-container\">\n<div class=\"wrapper\">\n<div class=\"chapter-header\">\n                        <span class=\"chapter-header-icon\"><img decoding=\"async\" src=\"https:\/\/www.alpenclassics.de\/ratgeber\/wp-content\/uploads\/2022\/07\/Haarschmuck-1.png\" alt=\"\"><\/span>\n<div class=\"chapter-header-bar\">\n<div class=\"chapter-header-border\"><\/div>\n<\/div>\n<\/div>\n<h2 class=\"chapter-heading\">Welcher Haarschmuck zum Trachtenoutfit?<\/h2>\n<div class=\"justify-columns\">\n<div>Flechtfrisuren und Z\u00f6pfe sind ein Sinnbild f\u00fcr Sch\u00f6nheit und Kreativit\u00e4t. Auch niedliche\nKurzhaarfrisuren oder eine wallende Lockenpracht passt hervorragend zum Dirndl. Noch sch\u00f6ner\nwird das Ganze mit dem dazugeh\u00f6rigen Haarschmuck. Mit einem niedlichen Haarreifen, besetzt\nmit Edelwei\u00dfbl\u00fcten aus Metall, verleihen Sie Ihrer Frisur den typisch bayerischen Chic. Auch\nh\u00fcbsche Kr\u00e4nze, B\u00e4nder und Spangen machen Ihr Hairstyling zum Blickfang.<\/div>\n<div>Flechtfrisuren und Z\u00f6pfe sind ein Sinnbild f\u00fcr Sch\u00f6nheit und Kreativit\u00e4t. Auch niedliche\nKurzhaarfrisuren oder eine wallende Lockenpracht passt hervorragend zum Dirndl. Noch sch\u00f6ner\nwird das Ganze mit dem dazugeh\u00f6rigen Haarschmuck. Mit einem niedlichen Haarreifen, besetzt\nmit Edelwei\u00dfbl\u00fcten aus Metall, verleihen Sie Ihrer Frisur den typisch bayerischen Chic. Auch\nh\u00fcbsche Kr\u00e4nze, B\u00e4nder und Spangen machen Ihr Hairstyling zum Blickfang.<\/div>\n<\/div>\n<\/div>\n<\/div>\n<\/section>\n<section class=\"chapter\" id=\"section4\">\n<div class=\"container wrapper-container\">\n<div class=\"wrapper\">\n<div class=\"chapter-header\">\n                        <span class=\"chapter-header-icon\"><img decoding=\"async\" src=\"https:\/\/www.alpenclassics.de\/ratgeber\/wp-content\/uploads\/2022\/07\/Trachtentuch-1.png\" alt=\"\"><\/span>\n<div class=\"chapter-header-bar\">\n<div class=\"chapter-header-border\"><\/div>\n<\/div>\n<\/div>\n<h2 class=\"chapter-heading\">Wie tr\u00e4gt man ein Trachtentuch?<\/h2>\n<div class=\"justify-columns\">\n<div>Das Trachtentuch hat eine lange Tradition. Damen und Herren gleicherma\u00dfen wollen darauf nicht\nverzichten. Sie sind die perfekte Erg\u00e4nzung zum Dirndl, aber auch zur Krachledernen. Die\nTrachtentr\u00e4gerin kann es locker um die Schultern legen oder es l\u00e4ssig zur Trachten- oder\nStrickjacke tragen. Sie k\u00f6nnen es einfach um den Hals binden &#8211; und schon erh\u00e4lt selbst das\nAlltagsoutfit einen ganz besonderen Charme. Waren Trachtent\u00fccher noch bis vor wenigen Jahren\ngriffig und eher grob in ihrer textilen Beschaffenheit, geht der Trend jetzt deutlich zu filigranen\noder leichten Trachtent\u00fcchern. Je transparenter, desto besser. Aber auch T\u00fccher mit liebevoll\ngekn\u00fcpften Fransen stehen bei Trachtenfans ganz hoch im Kurs. Noch sch\u00f6ner wird&#8217;s, wenn Sie Ihr\nTrachtentuch mit einer dekorativen Tuchnadel am Dekollet\u00e9 oder am R\u00fcckenteil Ihres Dirndls\nfixieren.<\/div>\n<div>Das Trachtentuch f\u00fcr den Mann ist ebenfalls l\u00e4ngst salonf\u00e4hig geworden. Es ist meist quadratisch\nund wird ins Dreieck gelegt. Danach falten Sie es im oberen Teil einmal um und binden es dann\num den Hals. Die beiden Endzipfel k\u00f6nnen Sie zu einem neckischen Doppelknoten binden, wenn\nSie m\u00f6gen. Eine alternative Bindem\u00f6glichkeit ist, mit den Fingern aus den Enden eine Schlinge zu\nformen und durch diese ein Gummiband zu ziehen. Dieses kann farblich mit der Optik des Tuches\nharmonieren oder einen attraktiven Kontrast dazu bilden. Ganz so, wie Sie wollen.<\/div>\n<\/div>\n<\/div>\n<\/div>\n<\/section>\n<section class=\"chapter\" id=\"section5\">\n<div class=\"container wrapper-container\">\n<div class=\"wrapper\">\n<div class=\"chapter-header\">\n                        <span class=\"chapter-header-icon\"><img decoding=\"async\" src=\"https:\/\/www.alpenclassics.de\/ratgeber\/wp-content\/uploads\/2022\/07\/Trachtengu\u2560ertel-1.png\" alt=\"\"><\/span>\n<div class=\"chapter-header-bar\">\n<div class=\"chapter-header-border\"><\/div>\n<\/div>\n<\/div>\n<h2 class=\"chapter-heading\">Der sch\u00f6nste Trachteng\u00fcrtel<\/h2>\n<div class=\"justify-columns\">\n<div>Stilechte Trachteng\u00fcrtel bestehen aus strapazierf\u00e4higem Leder und k\u00f6nnen sowohl schlicht, als\nauch mit auff\u00e4lligen Steppn\u00e4hten und Applikationen versehen sein. Das Besondere an einem\nTrachteng\u00fcrtel ist die extravagante G\u00fcrtelschnalle. Es gibt sie in den unterschiedlichsten Formen,\nGr\u00f6\u00dfen und Designs. L\u00f6wenk\u00f6pfe, Hirsche, das bayerische Landeswappen oder das Edelwei\u00df sind\ndie klassischen Motive, die auf einer Metallschnalle prangen. Trachteng\u00fcrtel mit \u00fcppigen\nStickereien, Edelsteinbesatz oder Nieten machen ebenfalls etwas her.<\/div>\n<div>Wer sagt eigentlich, dass man Trachten Accessoires nur zum Dirndl oder zur Lederhose tragen\ndarf? Haarschmuck, Trachteng\u00fcrtel und T\u00fccher k\u00f6nnen Sie durchaus auch zu Ihrer Alltagskleidung\ntragen. In der Tat sind Schmuck, Spangen, G\u00fcrtel und Co. im Trachtenstil wahre\nKombinationswunder. Sie werten selbst dezente Outfits auf kreative Weise auf und r\u00fccken Ihren\nSinn f\u00fcr traditionelle Fashion sanft in den Fokus.<\/div>\n<div>Ihre Lieblingsbluse, zu der Sie Jeans und hochhackige Pumps tragen, erh\u00e4lt mit einer Statement-\nHalskette im Trachtenstil eine zauberhafte Note. Auch eine Brosche oder ein ledernes Halsband\nverfehlt zu diesem Outfit seine Wirkung nicht. Wenn Sie gerne T-Shirts und Chinos tragen, legen\nSie einen Trachteng\u00fcrtel dazu an. Sie werden begeistert sein. Ein solches Accessoire erweist sich als\nein toller Allrounder. Ob zur eleganten Office-Garderobe, zur Pullover-Hose-Kombination oder\nzum schicken Kleid macht sich ein Trachtentuch, an dem Sie eine Brosche fixieren, ausgesprochen\ngut.<\/div>\n<\/div>\n<\/div>\n<\/div>\n<\/section>\n<section class=\"chapter\" id=\"section6\">\n<div class=\"container wrapper-container\">\n<div class=\"wrapper\">\n<div class=\"chapter-header\">\n                        <span class=\"chapter-header-icon\"><img decoding=\"async\" src=\"https:\/\/www.alpenclassics.de\/ratgeber\/wp-content\/uploads\/2022\/07\/Die-scho\u2560ensten-Trachten-Accessoires-1.png\" alt=\"\"><\/span>\n<div class=\"chapter-header-bar\">\n<div class=\"chapter-header-border\"><\/div>\n<\/div>\n<\/div>\n<h2 class=\"chapter-heading\">Die sch\u00f6nsten Trachten Accessoires<\/h2>\n<div class=\"justify-columns\">\n<div>Trachten Accessoires sind unglaublich vielseitig und laden zum modischen Experimentieren\ngeradezu ein. Selbst wenn gerade keine Oktoberfest-Saison ist oder wenn keine Motto-Party\nansteht, brauchen Sie auf Trachtenschmuck, Trachteng\u00fcrtel, traditionellen Haarschmuck oder\nT\u00fccher nicht zu verzichten. Die Modewelt hat so viel zu bieten. G\u00f6nnen Sie sich etwas Besonderes,\nwann immer Ihnen danach ist. Begeben Sie sich bei uns auf eine Entdeckungsreise der ganz\nbesonderen Art. Es erwarten Sie wunderbare Trachten Accessoires, die Ihren pers\u00f6nlichen Stil\nperfekt unterstreichen. Zum Verschenken oder um sich selbst eine Freude zu machen &#8211;\nTrachtenschmuck geh\u00f6rt einfach dazu.<\/div>\n<\/div>\n<\/div>\n<\/div>\n<\/section><\/div>\n<\/div>","protected":false},"excerpt":{"rendered":"<p>Nichts geht ohne sie<\/p>\n","protected":false},"author":3,"featured_media":545,"comment_status":"open","ping_status":"open","sticky":false,"template":"","format":"standard","meta":{"footnotes":""},"categories":[1],"tags":[],"class_list":["post-572","post","type-post","status-publish","format-standard","has-post-thumbnail","hentry","category-mainpost"],"_links":{"self":[{"href":"https:\/\/www.alpenclassics.de\/ratgeber\/wp-json\/wp\/v2\/posts\/572","targetHints":{"allow":["GET"]}}],"collection":[{"href":"https:\/\/www.alpenclassics.de\/ratgeber\/wp-json\/wp\/v2\/posts"}],"about":[{"href":"https:\/\/www.alpenclassics.de\/ratgeber\/wp-json\/wp\/v2\/types\/post"}],"author":[{"embeddable":true,"href":"https:\/\/www.alpenclassics.de\/ratgeber\/wp-json\/wp\/v2\/users\/3"}],"replies":[{"embeddable":true,"href":"https:\/\/www.alpenclassics.de\/ratgeber\/wp-json\/wp\/v2\/comments?post=572"}],"version-history":[{"count":6,"href":"https:\/\/www.alpenclassics.de\/ratgeber\/wp-json\/wp\/v2\/posts\/572\/revisions"}],"predecessor-version":[{"id":611,"href":"https:\/\/www.alpenclassics.de\/ratgeber\/wp-json\/wp\/v2\/posts\/572\/revisions\/611"}],"wp:featuredmedia":[{"embeddable":true,"href":"https:\/\/www.alpenclassics.de\/ratgeber\/wp-json\/wp\/v2\/media\/545"}],"wp:attachment":[{"href":"https:\/\/www.alpenclassics.de\/ratgeber\/wp-json\/wp\/v2\/media?parent=572"}],"wp:term":[{"taxonomy":"category","embeddable":true,"href":"https:\/\/www.alpenclassics.de\/ratgeber\/wp-json\/wp\/v2\/categories?post=572"},{"taxonomy":"post_tag","embeddable":true,"href":"https:\/\/www.alpenclassics.de\/ratgeber\/wp-json\/wp\/v2\/tags?post=572"}],"curies":[{"name":"wp","href":"https:\/\/api.w.org\/{rel}","templated":true}]}}