{"id":568,"date":"2022-07-20T13:48:49","date_gmt":"2022-07-20T13:48:49","guid":{"rendered":"https:\/\/www.alpenclassics.de\/ratgeber\/?p=568"},"modified":"2022-07-26T08:03:20","modified_gmt":"2022-07-26T08:03:20","slug":"wanderkleidung","status":"publish","type":"post","link":"https:\/\/www.alpenclassics.de\/ratgeber\/wanderkleidung\/","title":{"rendered":"Wanderkleidung"},"content":{"rendered":"<div id=\"oktoberfest-orientierung\" class=\"bauernhochzeit lightblue page-wrap mm-page mm-slideout\">\n<div class=\"bsr\"><\/div>\n<section class=\"hero\">\n<div class=\"gradient-overlay-r\">\n<div class=\"container\">\n<div class=\"hero-img\">\n                    <img decoding=\"async\" src=\"https:\/\/www.alpenclassics.de\/ratgeber\/wp-content\/uploads\/2022\/07\/Wanderkleidung-Hauptkategorie.png\" alt=\"\"><\/div>\n<div class=\"hero-content\">\n<h1 class=\"hero-heading\">\n                        Wanderkleidung\n<span>Designstarke Wanderkleidung f\u00fcr<br class=\"blank\">\nKinder und Erwachsene<\/span><\/h1>\n<a href=\"#info\" class=\"button\">Mehr erfahren <i class=\"fa fa-chevron-down\"><\/i><\/a>\n\n<\/div>\n<\/div>\n<\/div>\n<\/section>\n<div class=\"container section-container\">\n<section class=\"overview\" id=\"info\">\n<div class=\"container dashed-container\">\n<div class=\"row\">\n<div class=\"col-sm-7 col-xs-12 about\">\n<h2>Designstarke Wanderkleidung f\u00fcr Kinder und Erwachsene &#8211; in top Qualit\u00e4t<\/h2>\n<div>Wanderkleidung ist vor allem eines: bequem, funktional, h\u00fcbsch anzusehen,\nund im Idealfall wasserabweisend und komfortabel. Die Anspr\u00fcche an\nWanderhemd, Wanderjacke, Str\u00fcmpfe und Wanderschuhe sind\ndementsprechend hoch. Auch was die Kopfbedeckung anbetrifft, sollten Damen\nund Herren nichts dem Zufall \u00fcberlassen. Die Witterung in der Bergwelt kann\nunter Umst\u00e4nden t\u00fcckisch sein &#8211; je nachdem, wo Sie gerade unterwegs sind.\nW\u00e4hrend man in dem einen Moment noch v\u00f6llig verschwitzt und au\u00dfer Atem\nden schmalen Pfad zum Gipfel hinauf geht, kann es bei der n\u00e4chsten Kurve auf\ndem Weg schon vollkommen anders zugehen. Sp\u00e4testens hinter dem\nbevorstehenden Tunnel ist es m\u00f6glich, dass Sie anfangen zu frieren und sich\nnach einer w\u00e4rmenden Ausr\u00fcstung zu sehnen. Ob aus Fleece, aus derbem Leder\noder robuster Baumwolle &#8211; Wanderkleidung muss immer passen. Alles sollte\nmiteinander harmonieren und sich rundum gut anf\u00fchlen.<\/div>\n<\/div>\n<div class=\"col-sm-5 col-xs-12 chapter-nav\">\n<ul>\n \t<li>\n                                <a onclick=\"location.href='#section2'\" class=\"chapter-item\">\n<div class=\"chapter-item-img\">\n                                        <img decoding=\"async\" src=\"https:\/\/www.alpenclassics.de\/ratgeber\/wp-content\/uploads\/2022\/07\/Das-Wanderoutfit-damals-und-heute-1.png\" alt=\"\"><\/div>\n<div class=\"double-line\">Das Wanderoutfit &#8211; damals und heute<\/div>\n<\/a><a onclick=\"location.href='#section2'\" class=\"chapter-item\"><\/a><a onclick=\"location.href='#section2'\" class=\"chapter-item\"><\/a><a onclick=\"location.href='#section2'\" class=\"chapter-item\"><\/a><a onclick=\"location.href='#section2'\" class=\"chapter-item\"><\/a><a onclick=\"location.href='#section2'\" class=\"chapter-item\"><\/a><a onclick=\"location.href='#section2'\" class=\"chapter-item\"><\/a><a onclick=\"location.href='#section2'\" class=\"chapter-item\"><\/a><a onclick=\"location.href='#section2'\" class=\"chapter-item\">                                <\/a><a onclick=\"location.href='#section2'\" class=\"chapter-item\"><\/a><a onclick=\"location.href='#section2'\" class=\"chapter-item\"> <\/a>\n<img decoding=\"async\" src=\"..\/files\/images\/chapter-bg.png\" alt=\"\" class=\"chapter-bg\"><\/li>\n \t<li>\n                                <a onclick=\"location.href='#section3'\" class=\"chapter-item\">\n<div class=\"chapter-item-img\">\n                                        <img decoding=\"async\" src=\"https:\/\/www.alpenclassics.de\/ratgeber\/wp-content\/uploads\/2022\/07\/Im-Sommer-und-Winter-auf-dem-Weg-zum-Berg-bestens-geru\u2560estet-1.png\" alt=\"\"><\/div>\n<div class=\"double-line\">Im Sommer und Winter auf dem Weg\nzum Berg bestens ger\u00fcstet<\/div>\n<\/a><a onclick=\"location.href='#section3'\" class=\"chapter-item\"><\/a><a onclick=\"location.href='#section3'\" class=\"chapter-item\"><\/a><a onclick=\"location.href='#section3'\" class=\"chapter-item\"><\/a><a onclick=\"location.href='#section3'\" class=\"chapter-item\"><\/a><a onclick=\"location.href='#section3'\" class=\"chapter-item\"><\/a><a onclick=\"location.href='#section3'\" class=\"chapter-item\"><\/a><a onclick=\"location.href='#section3'\" class=\"chapter-item\"><\/a><a onclick=\"location.href='#section3'\" class=\"chapter-item\">                                <\/a><a onclick=\"location.href='#section3'\" class=\"chapter-item\"><\/a><a onclick=\"location.href='#section3'\" class=\"chapter-item\"> <\/a>\n<img decoding=\"async\" src=\"..\/files\/images\/chapter-bg.png\" alt=\"\" class=\"chapter-bg\"><\/li>\n \t<li>\n                                <a onclick=\"location.href='#section4'\" class=\"chapter-item\">\n<div class=\"chapter-item-img\">\n                                        <img decoding=\"async\" src=\"https:\/\/www.alpenclassics.de\/ratgeber\/wp-content\/uploads\/2022\/07\/Bei-Wind-und-Wetter-trockenen-Fu\u251c\u0192es-ankommen-1.png\" alt=\"\"><\/div>\n<div class=\"double-line\">Bei Wind und Wetter trockenen Fu\u00dfes\nankommen<\/div>\n<\/a><a onclick=\"location.href='#section4'\" class=\"chapter-item\"><\/a><a onclick=\"location.href='#section4'\" class=\"chapter-item\"><\/a><a onclick=\"location.href='#section4'\" class=\"chapter-item\"><\/a><a onclick=\"location.href='#section4'\" class=\"chapter-item\"><\/a><a onclick=\"location.href='#section4'\" class=\"chapter-item\"><\/a><a onclick=\"location.href='#section4'\" class=\"chapter-item\"><\/a><a onclick=\"location.href='#section4'\" class=\"chapter-item\"><\/a><a onclick=\"location.href='#section4'\" class=\"chapter-item\">                                <\/a><a onclick=\"location.href='#section4'\" class=\"chapter-item\"><\/a><a onclick=\"location.href='#section4'\" class=\"chapter-item\"> <\/a>\n<img decoding=\"async\" src=\"..\/files\/images\/chapter-bg.png\" alt=\"\" class=\"chapter-bg\"><\/li>\n \t<li>\n                                <a onclick=\"location.href='#section5'\" class=\"chapter-item\">\n<div class=\"chapter-item-img\">\n                                        <img decoding=\"async\" src=\"https:\/\/www.alpenclassics.de\/ratgeber\/wp-content\/uploads\/2022\/07\/Wasserdicht-und-atmungsaktiv-1.png\" alt=\"\"><\/div>\n<div class=\"single-line\">Wasserdicht und atmungsaktiv<\/div>\n<\/a><a onclick=\"location.href='#section5'\" class=\"chapter-item\"><\/a><a onclick=\"location.href='#section5'\" class=\"chapter-item\"><\/a><a onclick=\"location.href='#section5'\" class=\"chapter-item\"><\/a><a onclick=\"location.href='#section5'\" class=\"chapter-item\"><\/a><a onclick=\"location.href='#section5'\" class=\"chapter-item\"><\/a><a onclick=\"location.href='#section5'\" class=\"chapter-item\"><\/a><a onclick=\"location.href='#section5'\" class=\"chapter-item\"><\/a><a onclick=\"location.href='#section5'\" class=\"chapter-item\">                                <\/a><a onclick=\"location.href='#section5'\" class=\"chapter-item\"><\/a><a onclick=\"location.href='#section5'\" class=\"chapter-item\"> <\/a>\n<img decoding=\"async\" src=\"..\/files\/images\/chapter-bg.png\" alt=\"\" class=\"chapter-bg\"><\/li>\n \t<li>\n                                <a onclick=\"location.href='#section6'\" class=\"chapter-item\">\n<div class=\"chapter-item-img\">\n                                        <img decoding=\"async\" src=\"https:\/\/www.alpenclassics.de\/ratgeber\/wp-content\/uploads\/2022\/07\/Socken-und.png\" alt=\"\"><\/div>\n<div class=\"double-line\">Die idealen Socken und Kniestr\u00fcmpfe\nzum Wandern<\/div>\n<\/a><a onclick=\"location.href='#section6'\" class=\"chapter-item\"><\/a><a onclick=\"location.href='#section6'\" class=\"chapter-item\"><\/a><a onclick=\"location.href='#section6'\" class=\"chapter-item\"><\/a><a onclick=\"location.href='#section6'\" class=\"chapter-item\"><\/a><a onclick=\"location.href='#section6'\" class=\"chapter-item\"><\/a><a onclick=\"location.href='#section6'\" class=\"chapter-item\"><\/a><a onclick=\"location.href='#section6'\" class=\"chapter-item\"><\/a><a onclick=\"location.href='#section6'\" class=\"chapter-item\">                                <\/a><a onclick=\"location.href='#section6'\" class=\"chapter-item\"><\/a><a onclick=\"location.href='#section6'\" class=\"chapter-item\"> <\/a>\n<img decoding=\"async\" src=\"..\/files\/images\/chapter-bg.png\" alt=\"\" class=\"chapter-bg\"><\/li>\n \t<li>\n                                <a onclick=\"location.href='#section7'\" class=\"chapter-item\">\n<div class=\"chapter-item-img\">\n                                        <img decoding=\"async\" src=\"https:\/\/www.alpenclassics.de\/ratgeber\/wp-content\/uploads\/2022\/07\/Wandertouren-1.png\" alt=\"\"><\/div>\n<div class=\"double-line\">So finden Sie die passende Bekleidung\nf\u00fcr Ihre Wandertouren<\/div>\n<\/a><a onclick=\"location.href='#section7'\" class=\"chapter-item\"><\/a><a onclick=\"location.href='#section7'\" class=\"chapter-item\"><\/a><a onclick=\"location.href='#section7'\" class=\"chapter-item\"><\/a><a onclick=\"location.href='#section7'\" class=\"chapter-item\"><\/a><a onclick=\"location.href='#section7'\" class=\"chapter-item\"><\/a><a onclick=\"location.href='#section7'\" class=\"chapter-item\"><\/a><a onclick=\"location.href='#section7'\" class=\"chapter-item\"><\/a><a onclick=\"location.href='#section7'\" class=\"chapter-item\">                                <\/a><a onclick=\"location.href='#section7'\" class=\"chapter-item\"><\/a><a onclick=\"location.href='#section7'\" class=\"chapter-item\"> <\/a>\n<img decoding=\"async\" src=\"..\/files\/images\/chapter-bg.png\" alt=\"\" class=\"chapter-bg\"><\/li>\n \t<li>\n                                <a onclick=\"location.href='#section8'\" class=\"chapter-item\">\n<div class=\"chapter-item-img\">\n                                        <img decoding=\"async\" src=\"https:\/\/www.alpenclassics.de\/ratgeber\/wp-content\/uploads\/2022\/07\/Das-Wanderoutfit-1.png\" alt=\"\"><\/div>\n<div class=\"double-line\">Das Wanderoutfit mit Bedacht\nzusammenstellen<\/div>\n<\/a><a onclick=\"location.href='#section8'\" class=\"chapter-item\"><\/a><a onclick=\"location.href='#section8'\" class=\"chapter-item\"><\/a><a onclick=\"location.href='#section8'\" class=\"chapter-item\"><\/a><a onclick=\"location.href='#section8'\" class=\"chapter-item\"><\/a><a onclick=\"location.href='#section8'\" class=\"chapter-item\"><\/a><a onclick=\"location.href='#section8'\" class=\"chapter-item\"><\/a><a onclick=\"location.href='#section8'\" class=\"chapter-item\"><\/a><a onclick=\"location.href='#section8'\" class=\"chapter-item\">                                <\/a><a onclick=\"location.href='#section8'\" class=\"chapter-item\"><\/a><a onclick=\"location.href='#section8'\" class=\"chapter-item\"> <\/a>\n<img decoding=\"async\" src=\"..\/files\/images\/chapter-bg.png\" alt=\"\" class=\"chapter-bg\"><\/li>\n<\/ul>\n<\/div>\n<\/div>\n<\/div>\n<\/section>\n<section class=\"chapter\" id=\"section2\">\n<div class=\"container wrapper-container\">\n<div class=\"wrapper\">\n<div class=\"chapter-header\">\n                        <span class=\"chapter-header-icon\"><img decoding=\"async\" src=\"https:\/\/www.alpenclassics.de\/ratgeber\/wp-content\/uploads\/2022\/07\/Das-Wanderoutfit-damals-und-heute-1.png\" alt=\"\"><\/span>\n<div class=\"chapter-header-bar\">\n<div class=\"chapter-header-border\"><\/div>\n<\/div>\n<\/div>\n<h2 class=\"chapter-heading\">Das Wanderoutfit &#8211; damals und heute<\/h2>\n<div class=\"justify-columns\">\n<div>Wirft man einmal einen Blick zur\u00fcck in die Geschichte der Alpenwanderung, f\u00e4llt auf, dass die\nMenschen seinerzeit \u00fcberwiegend in normaler Alltagsbekleidung durch die Gebirgsregionen\ngestapft sind. Das muss nicht nur \u00e4u\u00dferst anstrengend und m\u00fchsam gewesen sein, sondern ganz\ngewiss war es auch eine erhebliche gesundheitliche Belastung. Vor allem f\u00fcr die F\u00fc\u00dfe, die aufgrund\ndes damals noch sehr einfachen, aber derben Ledermaterials der Wanderschuhe Blasen und\nR\u00f6tungen aufwiesen. Dadurch wurde das Wandern zu einer echten Tortur. Meist blieb auch das\nallgemeine Wohlbefinden der Wanderer nach wenigen Kilometern buchst\u00e4blich auf der Strecke.\nDenn das Material von Jacke, Hemd, Pullover, Hut, Tuch und Schal war seinerzeit alles andere als\nfunktional. Da hatte es durchaus sein Gutes, dass wenigstens die Hosen \u00fcber eine \u00d6se oder eine\nVorrichtung verf\u00fcgten, an denen sich der Flachmann befestigen lie\u00df und somit stets griffbereit war.<\/div>\n<div>Fr\u00fcher war alles besser? Nicht in jedem Fall&#8230; Wie gut, dass sich die Zeiten ge\u00e4ndert haben.\nZumindest, wenn es um Wandermode und ums Trachten Outfit geht.<\/div>\n<\/div>\n<\/div>\n<\/div>\n<\/section>\n<section class=\"chapter\" id=\"section3\">\n<div class=\"container wrapper-container\">\n<div class=\"wrapper\">\n<div class=\"chapter-header\">\n                        <span class=\"chapter-header-icon\"><img decoding=\"async\" src=\"https:\/\/www.alpenclassics.de\/ratgeber\/wp-content\/uploads\/2022\/07\/Im-Sommer-und-Winter-auf-dem-Weg-zum-Berg-bestens-geru\u2560estet-1.png\" alt=\"\"><\/span>\n<div class=\"chapter-header-bar\">\n<div class=\"chapter-header-border\"><\/div>\n<\/div>\n<\/div>\n<h2 class=\"chapter-heading\">Im Sommer und Winter auf dem Weg zum Berg bestens ger\u00fcstet<\/h2>\n<div class=\"justify-columns\">\n<div>Eine Wanderhose, ein Jacket, eine Bluse oder ein Hemd, ein Wanderpullover sowie eine Strickjacke\nund Kniestr\u00fcmpfe sind die Basics f\u00fcr erfahrene Wandersleut&#8217;. Die Wanderschuhe sind allerdings\ndas Wichtigste. Denn wenn Sie in Ihren Schuhen nicht laufen k\u00f6nnen, wenn es sogar zu Reizungen,\nDruckstellen und Blasen kommt, macht die sch\u00f6nste Wanderung keinen Spa\u00df mehr. Wichtig sind\ndaher passformgerechte Schuhe mit hoher Schnittf\u00fchrung und griffiger Outdoor-Sohle. Je\nrobuster und zugleich flexibler, desto besser. Auf diese Weise profitieren Sie von mehr Sicherheit\nund einem festen Grip auf Ihrem Weg zur Alm oder durch die Wald- und Wiesenlandschaft. Das ist\nsowohl auf steinigen, schmalen Pfaden ein entscheidender Vorteil, als auch in matschigem Gel\u00e4nde\noder wenn Sie \u00fcber Wege mit hervorstehenden Baumwurzeln oder losem Ger\u00f6ll laufen.<\/div>\n<div>Bei uns finden Sie erstklassige Wanderschuhe f\u00fcr jeden Bedarf und jeden Anspruch. Entdecken Sie\njetzt in unserem Onlinestore die sch\u00f6nsten Outdoor- und Wanderschuhe in herausragender\nQualit\u00e4t. Ob niedrig geschnittene, leichte Schuhe f\u00fcr den Sommer oder robuste Trekkingstiefel mit\nfester Schn\u00fcrung. Leichte Wanderschuhe sind auf kurzen Strecken oder auf ebenem Gel\u00e4nde ideal.\nWanderschuhe mit hohem Schaft und Mehrfach-Schn\u00fcrung geben Ihnen bei Bergtouren die\nSicherheit, die Sie sich w\u00fcnschen. Au\u00dferdem verleihen Sie Ihren F\u00fc\u00dfen Stabilit\u00e4t und sch\u00fctzen vor\nVerletzungen auf schwierigen Strecken.<\/div>\n<\/div>\n<\/div>\n<\/div>\n<\/section>\n<section class=\"chapter\" id=\"section4\">\n<div class=\"container wrapper-container\">\n<div class=\"wrapper\">\n<div class=\"chapter-header\">\n                        <span class=\"chapter-header-icon\"><img decoding=\"async\" src=\"https:\/\/www.alpenclassics.de\/ratgeber\/wp-content\/uploads\/2022\/07\/Bei-Wind-und-Wetter-trockenen-Fu\u251c\u0192es-ankommen-1.png\" alt=\"\"><\/span>\n<div class=\"chapter-header-bar\">\n<div class=\"chapter-header-border\"><\/div>\n<\/div>\n<\/div>\n<h2 class=\"chapter-heading\">Bei Wind und Wetter trockenen Fu\u00dfes ankomme<\/h2>\n<div class=\"justify-columns\">\n<div>Es gibt Tage, an denen es ununterbrochen regnet. Matsch und Schlamm, soweit das Auge reicht.\nStellen Sie sich vor, Sie sind bei einer solchen Witterung auf dem Weg zu einer Alm. Ihr\nWanderoutfit ist v\u00f6llig durchn\u00e4sst, von Ihrem Wanderhut tropft das Wasser nur so herunter, und\nauch der Rucksack wird immer schwerer, weil sich offenbar jede Menge Fl\u00fcssigkeit darin\nansammelt. Aber Ihre F\u00fc\u00dfe sind trocken &#8211; wenn Sie Wanderstiefel oder Schuhe mit hohem Schaft\nmit wasserdichter Membran Ihr Eigen nennen. Der Wasserdampf entweicht dennoch. Die\nmikrofeine Innenmembran im Schuh und die spezielle Konzeptionierung des Au\u00dfenmaterials\nmachen es m\u00f6glich. Schwei\u00dff\u00fc\u00dfe geh\u00f6ren daher selbst nach kilometerlangem Fu\u00dfmarsch der\nVergangenheit an. Sie werden das angenehme Tragegef\u00fchl lieben. Die qualitative Wertigkeit Ihrer\nWanderschuhe ist somit ein entscheidendes Kriterium bei der Zusammenstellung Ihres Outfits.<\/div>\n<\/div>\n<\/div>\n<\/div>\n<\/section>\n<section class=\"chapter\" id=\"section5\">\n<div class=\"container wrapper-container\">\n<div class=\"wrapper\">\n<div class=\"chapter-header\">\n                        <span class=\"chapter-header-icon\"><img decoding=\"async\" src=\"https:\/\/www.alpenclassics.de\/ratgeber\/wp-content\/uploads\/2022\/07\/Wasserdicht-und-atmungsaktiv-1.png\" alt=\"\"><\/span>\n<div class=\"chapter-header-bar\">\n<div class=\"chapter-header-border\"><\/div>\n<\/div>\n<\/div>\n<h2 class=\"chapter-heading\">Wasserdicht und atmungsaktiv &#8211; die besten Voraussetzungen f\u00fcr maximalen Komfort<\/h2>\n<div class=\"justify-columns\">\n<div>Eine griffige, trittfeste Sohle ist bei Wanderschuhen f\u00fcr Kinder und Erwachsene gleicherma\u00dfen von\nVorteil. Die Beschaffenheit des Fu\u00dfbettes sowie die D\u00e4mpfung sollten ebenfalls keine W\u00fcnsche\noffen lassen. Je h\u00f6her der Wanderschuh geschnitten ist, desto mehr Halt werden Sie darin sp\u00fcren.\nWichtig ist, dass die Schuhe oder Stiefel gut sitzen, nicht rutschen und sich weich und solide\nanf\u00fchlen &#8211; bei jedem Schritt.<\/div>\n<div>Tipp:<br class=\"blank\">\nWenn Sie sich f\u00fcr bestimmte Wanderschuhe entschieden haben, probieren Sie sie am besten in\naller Ruhe an. Am sp\u00e4ten Nachmittag oder am Abend sind die F\u00fc\u00dfe meist etwas angeschwollen.\nDas kann etwa einer halben Schuhgr\u00f6\u00dfe entsprechen. Nach dem Kauf sollten Sie etwa eineinhalb\nbis zwei Stunden lang in Ihren neuen Wanderschuhen oder -stiefeln spazieren gehen. Am besten\n\u00fcber glatte und holperige Oberfl\u00e4chen. Dabei werden Sie rasch feststellen, ob Sie sich f\u00fcr die\nrichtigen Schuhe entschieden haben und ob sie auch auf ausgedehnten Wanderungen ihre\nbequemen Begleiter werden.<\/div>\n<\/div>\n<\/div>\n<\/div>\n<\/section>\n<section class=\"chapter\" id=\"section6\">\n<div class=\"container wrapper-container\">\n<div class=\"wrapper\">\n<div class=\"chapter-header\">\n                        <span class=\"chapter-header-icon\"><img decoding=\"async\" src=\"https:\/\/www.alpenclassics.de\/ratgeber\/wp-content\/uploads\/2022\/07\/Socken-und.png\" alt=\"\"><\/span>\n<div class=\"chapter-header-bar\">\n<div class=\"chapter-header-border\"><\/div>\n<\/div>\n<\/div>\n<h2 class=\"chapter-heading\">Die idealen Socken und Kniestr\u00fcmpfe zum Wandern<\/h2>\n<div class=\"justify-columns\">\n<div>Ohne die richtigen Wandersocken oder Kniestr\u00fcmpfe l\u00e4uft buchst\u00e4blich nichts. Qualitativ\nhochwertige, textile Fu\u00dfbekleidung schenkt Ihnen im Zusammenspiel mit Ihren Schuhen den\nTragekomfort, den Sie sich w\u00fcnschen. Dar\u00fcber hinaus wirkt sich das Material Ihrer Str\u00fcmpfe auf\ndas Mikroklima an Ihren F\u00fc\u00dfen aus. Achten Sie auf feuchtigkeitsabsorbierende, atmungsaktive\nStoffe, die nicht rutschen und sich gut an Ihre F\u00fc\u00dfe anschmiegen. Wichtig ist auch, dass die Socken\n\u00fcber den Schaft Ihrer Schuhe ragen sollten, da es anderenfalls zu Reizungen und Hautr\u00f6tungen\nkommen kann.<\/div>\n<div>Solide Wanderstr\u00fcmpfe verst\u00e4rken die D\u00e4mpfung im Fersen- und Zehenbereich und sind das\nT\u00fcpfelchen auf dem i, wenn es um den Bequemlichkeitsfaktor Ihrer Schuhe geht. Ob aus\nwiderstandsf\u00e4higen Kunstfasern, aus Merinowolle, Baumwolle oder Mesh-Materialien &#8211;\nWandersocken sollten das Fu\u00dfklima positiv beeinflussen und daf\u00fcr sorgen, dass selbst bei\nanstrengenden Touren keine unangenehmen Ger\u00fcche entstehen. Die ideale Wandersocke ist\ngeruchshemmend, sie zwickt und kneift nicht und sie wirft keine Falten. Dadurch k\u00f6nnten Blasen\nund Druckstellen an den F\u00fc\u00dfen entstehen. Je schneller das textile Material trocknet, desto besser.\nSo kann es bei einer mehrt\u00e4gigen Wanderung durch Wald und Flur rasch wieder weitergehen.<\/div>\n<\/div>\n<\/div>\n<\/div>\n<\/section>\n<section class=\"chapter\" id=\"section7\">\n<div class=\"container wrapper-container\">\n<div class=\"wrapper\">\n<div class=\"chapter-header\">\n                        <span class=\"chapter-header-icon\"><img decoding=\"async\" src=\"https:\/\/www.alpenclassics.de\/ratgeber\/wp-content\/uploads\/2022\/07\/Wandertouren-1.png\" alt=\"\"><\/span>\n<div class=\"chapter-header-bar\">\n<div class=\"chapter-header-border\"><\/div>\n<\/div>\n<\/div>\n<h2 class=\"chapter-heading\">So finden Sie die passende Bekleidung f\u00fcr Ihre Wandertouren<\/h2>\n<div class=\"justify-columns\">\n<div>Welche Art von Bekleidung Sie bei Ihren Wanderungen tragen m\u00f6chten, h\u00e4ngt in erster Linie von\nder Jahreszeit und der Witterung ab. Ebenso sind die anvisierte Wegstrecke und die geplante\nDauer der Wanderung hierbei von Relevanz. Um unterwegs in jeder Hinsicht bestens ger\u00fcstet zu\nsein, k\u00f6nnen Sie eine Fleecejacke, eine Leder- oder Strickjacke mitnehmen sowie Hemden, Pullover\nund T-Shirts aus luftigen und aus kuscheligen Materialien. Das Problem, das sich daraus ergibt, ist,\ndass Ihr Rucksack viel zu voll w\u00fcrde. Zu viel Gewicht auf R\u00fccken und Schultern kann die Freude am\nWandern ganz sch\u00f6n verg\u00e4llen. Am besten, Sie gehen nach dem Zwiebelprinzip vor.<\/div>\n<\/div>\n<h2 class=\"chapter-heading\">Was ist eigentlich das Zwiebelprinzip?<\/h2>\n<div class=\"justify-columns\">\n<div>&#8220;Was hat sieben H\u00e4ute und bei\u00dft alle Leute? &#8211; Die Zwiebel.&#8221; Tats\u00e4chlich besteht die Zwiebel aus\nmehreren Schichten, die alle aufeinander aufbauen. Sogar die Bekleidungsindustrie greift gerne\nauf dieses simple und zugleich hocheffiziente Prinzip zur\u00fcck, das Mutter Natur zu bieten hat. Ganz\ngleich, welche Konfektionsgr\u00f6\u00dfe &#8211; egal, ob L, XL oder XXL &#8211; das Zwiebelprinzip bietet Ihnen\nunterwegs viele Vorteile. Es definiert die gut durchdachte Kombination mehrerer\nKleidungsschichten und soll dabei helfen, sich besser gegen wechselnde klimatische Bedingungen\nbzw. Au\u00dfentemperaturen zu wappnen. So frieren Sie weniger und geraten seltener ins Schwitzen.<\/div>\n<div>Wenn Sie Ihre Wanderkleidung nach dem Zwiebelprinzip tragen m\u00f6chte, w\u00e4hlen Sie mehrere\nBekleidungsschichten aus, die perfekt auf die entsprechenden Witterungsbedingungen\nzugeschnitten sind. Somit k\u00f6nnen Sie sie unterwegs ganz nach Bedarf erg\u00e4nzen oder kurzerhand\neine Schicht weglassen.<\/div>\n<\/div>\n<\/div>\n<\/div>\n<\/section>\n<section class=\"chapter\" id=\"section8\">\n<div class=\"container wrapper-container\">\n<div class=\"wrapper\">\n<div class=\"chapter-header\">\n                        <span class=\"chapter-header-icon\"><img decoding=\"async\" src=\"https:\/\/www.alpenclassics.de\/ratgeber\/wp-content\/uploads\/2022\/07\/Das-Wanderoutfit-1.png\" alt=\"\"><\/span>\n<div class=\"chapter-header-bar\">\n<div class=\"chapter-header-border\"><\/div>\n<\/div>\n<\/div>\n<h2 class=\"chapter-heading\">Das Wanderoutfit mit Bedacht zusammenstellen<\/h2>\n<div class=\"justify-columns\">\n<div>Strickjacken, Fleece- und Lederjacken sind eine empfehlenswerte Erg\u00e4nzung zu Ihrem\nWanderoutfit. Zu den wichtigsten Basics geh\u00f6ren in jedem Fall ein zur Witterung passendes Shirt,\nein Hemd oder ein Pullover sowie eine w\u00e4rmende \u00dcberjacke. Ob Sie lange oder kurze Hosen\ntragen, ist Ihrem guten Geschmack \u00fcberlassen und h\u00e4ngt ebenfalls von der Witterung ab.\nVergessen Sie auch Ihre hochwertige Funktionsunterw\u00e4sche nicht. Sie kann Schwei\u00df absorbieren\nund gibt die K\u00f6rperfl\u00fcssigkeit rasch wieder nach au\u00dfen hin ab, ohne unansehnliche Flecken oder\nR\u00e4nder zu hinterlassen. Funktionsunterw\u00e4sche f\u00fcr Wanderer ist atmungsaktiv, sie schmiegt sich\nIhren K\u00f6rperformen an, sie ist pflegeleicht und trocknet rasch.<\/div>\n<div>Welche Art von Wanderkleidung aus unserem Store trifft Ihren guten Geschmack?<\/div>\n<\/div>\n<\/div>\n<\/div>\n<\/section><\/div>\n<\/div>","protected":false},"excerpt":{"rendered":"<p>Designstarke Wanderkleidung f\u00fcr Kinder und Erwachsene<\/p>\n","protected":false},"author":3,"featured_media":600,"comment_status":"open","ping_status":"open","sticky":false,"template":"","format":"standard","meta":{"footnotes":""},"categories":[1],"tags":[],"class_list":["post-568","post","type-post","status-publish","format-standard","has-post-thumbnail","hentry","category-mainpost"],"_links":{"self":[{"href":"https:\/\/www.alpenclassics.de\/ratgeber\/wp-json\/wp\/v2\/posts\/568","targetHints":{"allow":["GET"]}}],"collection":[{"href":"https:\/\/www.alpenclassics.de\/ratgeber\/wp-json\/wp\/v2\/posts"}],"about":[{"href":"https:\/\/www.alpenclassics.de\/ratgeber\/wp-json\/wp\/v2\/types\/post"}],"author":[{"embeddable":true,"href":"https:\/\/www.alpenclassics.de\/ratgeber\/wp-json\/wp\/v2\/users\/3"}],"replies":[{"embeddable":true,"href":"https:\/\/www.alpenclassics.de\/ratgeber\/wp-json\/wp\/v2\/comments?post=568"}],"version-history":[{"count":6,"href":"https:\/\/www.alpenclassics.de\/ratgeber\/wp-json\/wp\/v2\/posts\/568\/revisions"}],"predecessor-version":[{"id":608,"href":"https:\/\/www.alpenclassics.de\/ratgeber\/wp-json\/wp\/v2\/posts\/568\/revisions\/608"}],"wp:featuredmedia":[{"embeddable":true,"href":"https:\/\/www.alpenclassics.de\/ratgeber\/wp-json\/wp\/v2\/media\/600"}],"wp:attachment":[{"href":"https:\/\/www.alpenclassics.de\/ratgeber\/wp-json\/wp\/v2\/media?parent=568"}],"wp:term":[{"taxonomy":"category","embeddable":true,"href":"https:\/\/www.alpenclassics.de\/ratgeber\/wp-json\/wp\/v2\/categories?post=568"},{"taxonomy":"post_tag","embeddable":true,"href":"https:\/\/www.alpenclassics.de\/ratgeber\/wp-json\/wp\/v2\/tags?post=568"}],"curies":[{"name":"wp","href":"https:\/\/api.w.org\/{rel}","templated":true}]}}