{"id":199,"date":"2022-01-11T18:09:39","date_gmt":"2022-01-11T18:09:39","guid":{"rendered":"https:\/\/www.alpenclassics.de\/ratgeber\/?p=199"},"modified":"2022-04-07T10:41:57","modified_gmt":"2022-04-07T10:41:57","slug":"cannstatter-wasen","status":"publish","type":"post","link":"https:\/\/www.alpenclassics.de\/ratgeber\/cannstatter-wasen\/","title":{"rendered":"Cannstatter Wasen"},"content":{"rendered":"<div id=\"cannstatter-wasen\" class=\"cannstatter-wasen page-wrap mm-page mm-slideout\">\n<div class=\"bsr\"><\/div>\n<section class=\"hero\">\n<div class=\"gradient-overlay\">\n<div class=\"container\">\n<div class=\"hero-img\"><img decoding=\"async\" src=\"..\/files\/images\/hero-cannstatter-wasen.png\" alt=\"\"><\/div>\n<div class=\"hero-content\">\n<h1 class=\"hero-heading\">Cannstatter Wasen 2022\n<span style=\"margin-top: 10px; color: #747474; font-size: 25px; letter-spacing: -0.61px;\">Die Schw\u00e4bische Antwort auf das Oktoberfest<\/span><\/h1>\n<a class=\"button\" href=\"#info\">Mehr erfahren <i class=\"fa fa-chevron-down\"><\/i><\/a>\n\n<\/div>\n<\/div>\n<\/div>\n<\/section>\n<div class=\"container section-container\">\n<section id=\"info\" class=\"overview\">\n<div class=\"container dashed-container\">\n<div class=\"row\">\n<div class=\"col-sm-7 col-xs-12 about\">\n<div>Sie lieben das M\u00fcnchner Oktoberfest, aber suchen Abwechslung zu dem Spektakel? Oder m\u00f6chten\nSie auch mal Baden-W\u00fcrttembergs Festkultur erleben? Dann besuchen Sie, vom 23. September bis 09. Oktober 2022, das geschichtstr\u00e4chtige Cannstatter Volksfest auf dem Cannstatter Wasen. Vor Ort erleben Sie\nnicht nur einen reichen Schaustellerbetrieb, der seinesgleichen sucht, sondern auch\nspannende Traditionen und lebhafte Festzelte. Nat\u00fcrlich flie\u00dft k\u00f6stliches Bier im \u00dcberfluss\nund leckere Speisen lassen auch nicht lange auf sich warten<\/div>\n<div>Sie d\u00fcrfen sich gern in Ihrer sch\u00f6nsten Tracht pr\u00e4sentieren &#8211; neben <a href=\"https:\/\/www.alpenclassics.de\/dirndl\/\" target=\"_blank\" rel=\"noopener\">bayerischen\nDirndl<\/a> \u00fcber\nder <a href=\"https:\/\/www.alpenclassics.de\/dirndlblusen\/\" target=\"_blank\" rel=\"noopener\">Dirndlbluse<\/a> und\n<a href=\"https:\/\/www.alpenclassics.de\/trachtenmode-herren-lederhosen-und-hosen\/\" target=\"_blank\" rel=\"noopener\">Lederhosen f\u00fcr Herren<\/a> und Damen sind Sie auch in\nklassischer\nW\u00fcrttembergischer Tracht willkommen. Doch auch in Alltagskleidung sind Sie immer herzlich\nWillkommen.<\/div>\n<\/div>\n<div class=\"col-sm-5 col-xs-12 chapter-nav\">\n<ul>\n \t<li>\n<div onclick=\"location.href='#section1'\" class=\"chapter-item\">\n<div class=\"chapter-item-img section1\"><img decoding=\"async\" src=\"..\/files\/images\/icon_1-cw.png\" alt=\"\"><\/div>\n<div>Was ist der Cannstatter Wasen?<\/div>\n<\/div>\n<img decoding=\"async\" class=\"chapter-bg\" src=\"..\/files\/images\/chapter-bg.png\" alt=\"\"><\/li>\n \t<li>\n<div onclick=\"location.href='#section2'\" class=\"chapter-item\">\n<div class=\"chapter-item-img section2\"><img decoding=\"async\" src=\"..\/files\/images\/icon_2-cw.png\" alt=\"\"><\/div>\n<div class=\"double-line\">Orientierung auf dem Cannstatter Wasen<\/div>\n<\/div>\n<img decoding=\"async\" class=\"chapter-bg\" src=\"..\/files\/images\/chapter-bg.png\" alt=\"\"><\/li>\n \t<li>\n<div onclick=\"location.href='#section3'\" class=\"chapter-item\">\n<div class=\"chapter-item-img\"><img decoding=\"async\" src=\"..\/files\/images\/icon_3-cw.png\" alt=\"\"><\/div>\n<div class=\"double-line\">Was tr\u00e4gt man auf dem Cannstatter Wasen?<\/div>\n<\/div>\n<img decoding=\"async\" class=\"chapter-bg\" src=\"..\/files\/images\/chapter-bg.png\" alt=\"\"><\/li>\n \t<li>\n<div onclick=\"location.href='#section4'\" class=\"chapter-item\">\n<div class=\"chapter-item-img\"><img decoding=\"async\" src=\"..\/files\/images\/icon_4-cw.png\" alt=\"\"><\/div>\n<div class=\"double-line\">FAQs rund um den Cannstatter Wasen<\/div>\n<\/div>\n<img decoding=\"async\" class=\"chapter-bg\" src=\"..\/files\/images\/chapter-bg.png\" alt=\"\"><\/li>\n<\/ul>\n<\/div>\n<\/div>\n<\/div>\n<\/section>\n<section id=\"section1\" class=\"chapter\">\n<div class=\"container dashed-container\">\n<div class=\"row\">\n<div class=\"chapter-header chapter-header-oktoberfest\"><span class=\"chapter-header-icon\"><img decoding=\"async\" class=\"\" src=\"..\/files\/images\/icon_1-cw.png\" alt=\"\"><\/span>\n<div class=\"chapter-header-bar\">\n<div class=\"chapter-header-border\"><\/div>\n<\/div>\n<\/div>\n<h2 class=\"chapter-heading\">Was ist der Cannstatter Wasen?<\/h2>\n<div>Der Cannstatter Wasen ist nicht nur ein Volksfest, sondern auch ein rund 35 Hektar gro\u00dfes\nFestgel\u00e4nde, auf dem das Pendant zum <a href=\"https:\/\/www.alpenclassics.de\/oktoberfest-guide\/ubersicht.html\" target=\"_blank\" rel=\"noopener\">M\u00fcnchner Oktoberfest<\/a> gefeiert wird. Das Gel\u00e4nde befindet sich in\nBaden-W\u00fcrttembergs Landeshauptstadt Stuttgart, genauer gesagt in seinem namensgebenden\nStadtbezirk Bad Cannstatt. Auf dem Gel\u00e4nde finden auch weitere beliebte Veranstaltungen wie das\ngr\u00f6\u00dfte Fr\u00fchlingsfest Europas statt. Der &#8220;Wasen&#8221; findet jedes Jahr von Ende September bis Anfang\nOktober statt. In der Regel beginnt er eine Woche nach dem Start der M\u00fcnchner Wiesn.<\/div>\n<div>Der erste Wasen wurde schon im Jahr 1818 gefeiert. Damals diente es einfach als\n&#8220;landwirtschaftliches Fest&#8221;. Es kam nicht ohne Grund zustande, sondern hat einen ernsten\nHintergrund. Der Ausbruch eines indonesisches Vulkans im Jahr 1815 l\u00f6ste mit seinen gewaltigen\nStaubaufwirbelungen weltweite Klimaver\u00e4nderungen aus. Europa k\u00e4mpfte mit ungew\u00f6hnlich niedrigen\nTemperaturen und schweren Unwettern. So kam es im Folgejahr zum ber\u00fcchtigten &#8220;Jahr ohne Sommer&#8221;.\nDie Menschen hatten mit schweren Ernteausf\u00e4llen und Hungersn\u00f6ten zu k\u00e4mpfen. Zum Gl\u00fcck handelte\nes sich nur um ein vor\u00fcbergehendes Ph\u00e4nomen.<\/div>\n<div>Neben dem mit 30.000 Besuchern gut besuchten landwirtschaftlichen Fest gr\u00fcndeten die Stuttgarter\nin der Folge dieser Ereignisse auch eine Unterrichtsanstalt f\u00fcr Landwirtschaft, die heutige\nUniversit\u00e4t Hohenheim. Im Jahr 2022 findet damit das <a href=\"https:\/\/www.cannstatter-volksfest.de\/de\/landing-page\/\" target=\"_blank\" rel=\"noopener\">175.\nCannstatter Volksfest<\/a> statt. Tats\u00e4chlich gab es hier aber schon 2018 ein Jubil\u00e4um zu\nfeiern: Der Wasen diente zum 200. Mal als Fest- und Ausstellungsgel\u00e4nde. Die Zahlen zeigen, dass\ndas Volksfest nicht in jedem Jahr begangen werden konnte. Tats\u00e4chlich wurde das Fest zwischen\n1882 und 1891 und w\u00e4hrend der beiden Weltkriege ausgesetzt.<\/div>\n<\/div>\n<\/div>\n<\/section>\n<section id=\"section2\" class=\"chapter\">\n<div class=\"container dashed-container\">\n<div class=\"row\">\n<div class=\"chapter-header\"><span class=\"chapter-header-icon\"><img decoding=\"async\" class=\"img-type-2\" src=\"..\/files\/images\/icon_2-cw.png\" alt=\"\"><\/span>\n<div class=\"chapter-header-bar\">\n<div class=\"chapter-header-border\"><\/div>\n<\/div>\n<\/div>\n<h2 class=\"chapter-heading\">Orientierung auf dem Cannstatter Wasen<\/h2>\n<div>Das Cannstatter Volksfest tr\u00e4gt den Titel des &#8220;gr\u00f6\u00dften Schaustellerfestes in Europa&#8221;, weil es\nzahlreiche Schaustellerbetriebe wie Fress- oder Losbuden beherbergt. Es gibt f\u00fcr interessierte\nBesucher also viel zu sehen. \u00dcber 300 Attraktionen k\u00f6nnen Sie Jahr f\u00fcr Jahr besuchen. Festzelte,\nSchausteller Buden und Fahrgesch\u00e4fte von Achterbahnen \u00fcber Kinderkarussells bis hin zum\nRiesenrad bilden den Schwerpunkt der Veranstaltung. Sie sind in der Regel zwischen Sonntag und\nFreitag ge\u00f6ffnet &#8211; jeweils von 11 Uhr bis 23 Uhr.<\/div>\n<div>Wie beim M\u00fcnchner Oktoberfest ist ein Besuch mit Aufenthalt in den Festzelten sehr beliebt, um\nausgiebig zu feiern. Davon k\u00f6nnen Sie gleich \u00fcber zehn Varianten entdecken, zum Beispiel das\nDinkelacker-Festzelt. Dinkelacker ist eine schw\u00e4bische Brauerei, ein originales\nFamilienunternehmen aus Stuttgart und darf auf dem Wasen nat\u00fcrlich nicht fehlen. Andere bekannte\nZelte sind das Stuttgarter-Hofbr\u00e4u-Festzelt oder das Sonja-Merz-Zelt.<\/div>\n<div>Als beliebtes Volksfest finden Sie auf dem Wasen sogar ein eigenes Wahrzeichen: die h\u00f6lzerne\nFruchts\u00e4ule. Sie ist 26 Meter hoch, wiegt 3,5 Tonnen und ihre Spitze ist reichlich mit Fr\u00fcchten\ngeschm\u00fcckt. Dabei handelt es sich aber nicht mehr um das Original aus dem Jahr 1818, denn immer\nwieder \u00fcberarbeiteten K\u00fcnstler das Design. An den Wasen ist auch ein Kr\u00e4mermarkt angeschlossen.\nHier k\u00f6nnen Sie verschiedene Artikel f\u00fcr den Alltag kaufen, zum Beispiel Pfannen, Gew\u00fcrze oder\nG\u00fcrtel. Darunter ist auch Jahr f\u00fcr Jahr ein Verkaufsstand f\u00fcr Bibeln.<\/div>\n<div>Zu den altbew\u00e4hrten Traditionen z\u00e4hlt auch ein Festumzug, der am ersten Festsonntag stattfindet.\nDort sehen Sie unter anderem Menschen in authentischen historischen Gew\u00e4ndern und k\u00f6nnen\nmusikalischen Darbietungen lauschen. Auch ein Maskottchen darf auf dem gut besuchten Volksfest\nnicht fehlen: Der Wasenhasi begleitet die Veranstaltung schon seit 2007. Wenn Sie m\u00f6chten,\nk\u00f6nnen Sie sich an den Nachmittagen auf dem Festplatz mit dem Maskottchen fotografieren lassen\noder ein Souvenir mit seinem Antlitz oder dem seiner Hasenfreundin kaufen.<\/div>\n<img decoding=\"async\" src=\".\/..\/files\/images\/img_1.jpg\" alt=\"\">\n\n<\/div>\n<\/div>\n<\/section>\n<section id=\"section3\" class=\"chapter\">\n<div class=\"container dashed-container\">\n<div class=\"row\">\n<div class=\"chapter-header\"><span class=\"chapter-header-icon\"><img decoding=\"async\" class=\"img-type-1\" src=\"..\/files\/images\/icon_3-cw.png\" alt=\"\"><\/span>\n<div class=\"chapter-header-bar\">\n<div class=\"chapter-header-border\"><\/div>\n<\/div>\n<\/div>\n<h2 class=\"chapter-heading\">Was tr\u00e4gt man auf dem Cannstatter Wasen?<\/h2>\n<div class=\"justify-columns\">\n<div class=\"alignright-content\"><img decoding=\"async\" src=\"..\/files\/images\/img_2.jpg\" alt=\"\">\n<a class=\"button next-chapter\" href=\"https:\/\/www.alpenclassics.de\/dirndl\/\">Entdecke unsere\nDirndl <i class=\"fa fa-chevron-right\"><\/i><\/a><\/div>\n<div>M\u00f6chten Sie sich passend zum Anlass kleiden, kommen Sie um die <a href=\"https:\/\/www.alpenclassics.de\/trachtenmode-damen\/\">klassische Tracht<\/a> nicht\nherum &#8211; gern auch in moderner Ausf\u00fchrung. F\u00fcr Damen bieten sich fesche Dirndl an, Herren\nkleiden sich entsprechend in Lederhosen und Janker. Doch ziehen Sie nicht einfach irgendein\nDirndl oder irgendeine Lederhose aus dem Karnevalsladen an. Meiden Sie No-Gos wie Neonfarben\noder zu kurze R\u00f6ckchen und legen Sie Wert auf eine hohe, deutlich sichtbare Qualit\u00e4t.<\/div>\n<div>Sieht man auf dem Wasen auch <a href=\"https:\/\/www.alpenclassics.de\/ratgeber\/wuerttembergische-tracht\/\">traditionelle\nW\u00fcrttembergische Tracht<\/a>? Es gibt kaum Unterschiede zwischen den Trachten der beiden\nRegionen. Nur wenige Unterschiede kommen zum Tragen: In Stuttgart tr\u00e4gt man eher keine\nkurzen Hosen, sondern solche, die bis zum Knie oder den Stiefeln reichen. Au\u00dferdem tragen\ndie M\u00e4nner auch dunkle Hemden. Die Frauen tragen in der Regel eine Kopfbedeckung und\nhochgeschlossene Kleider. Beim Festumzug ist offenes, langes Haar sogar verp\u00f6nt.<\/div>\n<div>Dirndl und Lederhosen sind auf dem Wasen nat\u00fcrlich kein Muss. Aber insbesondere, wenn Sie\nsowieso in S\u00fcddeutschland leben, kann sich die Investition in ein gediegenes Outfit lohnen,\nda Sie es bei vielen verschiedenen Anl\u00e4ssen tragen k\u00f6nnen. Wer die Tracht nicht kaufen\nm\u00f6chte, kann sie aber auch bei manchen Anbietern leihen.<\/div>\n<\/div>\n<\/div>\n<\/div>\n<\/section>\n<section id=\"section4\" class=\"chapter\">\n<div class=\"container dashed-container\">\n<div class=\"row\">\n<div class=\"chapter-header\"><span class=\"chapter-header-icon\"><img decoding=\"async\" class=\"img-type-4\" src=\"..\/files\/images\/icon_4-cw.png\" alt=\"\"><\/span>\n<div class=\"chapter-header-bar\">\n<div class=\"chapter-header-border\"><\/div>\n<\/div>\n<\/div>\n<h2 class=\"chapter-heading\">FAQs rund um den Cannstatter Wasen<\/h2>\n<ul class=\"accordion_container\">\n \t<li class=\"accordion_item\"><a class=\"title\">\nWo kann ich am Cannstatter Wasen parken?\n<i class=\"fa fa-chevron-down\"><\/i>\n<\/a>\n<div class=\"content\">\n<div>Rund um das Festgel\u00e4nde finden sich drei Parkpl\u00e4tze: der Zweiradparkplatz, der\nBusparkplatz und ein Behindertenparkplatz. Wer mit dem Auto kommt, sollte die P\n&amp; R\nParkpl\u00e4tze nutzen. Beachten Sie, dass diese Parkpl\u00e4tze in der Stuttgarter Umweltzone\nliegen. Kraftfahrzeuge mit Dieselmotoren der Abgasnorm 4 \/ IV und schlechter d\u00fcrfen\ndie Zone nicht mehr befahren. Es finden sich au\u00dferhalb jedoch geeignete Parkpl\u00e4tze.\nZum Volksfest gelangen Sie \u00fcber den \u00f6ffentlichen Nahverkehr.<\/div>\n<\/div><\/li>\n \t<li class=\"accordion_item\"><a class=\"title\">\nWie komme ich zum Cannstatter Wasen?\n<i class=\"fa fa-chevron-down\"><\/i>\n<\/a>\n<div class=\"content\">\n<div>Aufgrund des Besucheraufkommens ist eine Anreise per Bus und Bahn der Anreise mit\ndem Auto vorzuziehen. Verschiedene Haltestellen f\u00fcr Bus und Bahn sind h\u00f6chstens zehn\nMinuten Fu\u00dfweg vom Festplatz entfernt. Wer die Bahn nehmen m\u00f6chte, kann sich f\u00fcr die\nS-Bahn (Linien S1, S2 oder S3), die U-Bahn oder die Regionalbahn (Linien R1, R2, R3\noder R8) entscheiden. Der Bahnhof bei der Anfahrt mit S- oder Regionalbahn hei\u00dft\n&#8220;Bad Cannstatt&#8221;.<\/div>\n<div>Bei der Anfahrt mit der U-Bahn k\u00f6nnen Sie die eigens eingerichtete Sonderlinie U11\nnutzen. Aber auch die U1, U2 und U19 fahren Haltestellen in der Umgebung an. Die\ndrei Bushaltestellen nahe dem Wasen sind &#8220;Bad Cannstatt Bahnhof&#8221;, &#8220;NeckarPark\n(Stadion)&#8221; und &#8220;Bad Cannstatt Wilhelmsplatz&#8221;. Sie erreichen diese \u00fcber die Linien\n45, 52, 56, N4, N5 und N6.<\/div>\n<\/div><\/li>\n \t<li class=\"accordion_item\"><a class=\"title\">\nWie viele Besucher hat der Cannstatter Wasen?\n<i class=\"fa fa-chevron-down\"><\/i>\n<\/a>\n<div class=\"content\">\n<div>Im ersten Jahr der Veranstaltung, 1818, waren &#8220;nur&#8221; 30.000 Menschen zu Besuch. Im\nJahr 2005 besuchten schon rund 3,5 Millionen Menschen den Wasen. Der Besucher\nH\u00f6hepunkt fand 2007 mit 4,5 Millionen Menschen statt. Im Jahr 2019 sollen zwischen\n3,5 und 4 Millionen Menschen auf dem Volksfest gewesen sein. Die M\u00fcnchner Wiesn ist\nnoch deutlich besser besucht. So kamen 2019 \u00fcber 6 Millionen Menschen zum Feiern und\nLeben zusammen.<\/div>\n<\/div><\/li>\n \t<li class=\"accordion_item\"><a class=\"title\">\nWas kostet das Bier auf dem Cannstatter Wasen?\n<i class=\"fa fa-chevron-down\"><\/i>\n<\/a>\n<div class=\"content\">\n<div>Auf dem Cannstatter Wasen m\u00fcssen Sie knackige Preise f\u00fcr Bier bezahlen. 2019 kostete\nein Ma\u00df zum ersten Mal \u00fcber 11 Euro: n\u00e4mlich exakt 11,20 Euro. Je nach Festzelt\nzahlten die Besucher aber auch nur 10,80 Euro.<\/div>\n<\/div><\/li>\n \t<li class=\"accordion_item\"><a class=\"title\">\nWas darf man nicht auf den Wasen mitnehmen?\n<i class=\"fa fa-chevron-down\"><\/i>\n<\/a>\n<div class=\"content\">\n<div>Folgende Gegenst\u00e4nde sind auf dem Gel\u00e4nde nicht erlaubt:<\/div>\n<ul>\n \t<li>Reizgasspr\u00fchger\u00e4te<\/li>\n \t<li>Hieb-, Schlag-, Sto\u00df-, Stich- und Schusswaffen<\/li>\n \t<li>Elektroschockger\u00e4te<\/li>\n \t<li>\u00e4tzende und f\u00e4rbende Fl\u00fcssigkeiten<\/li>\n \t<li>Pyrotechnik<\/li>\n \t<li>gasbef\u00fcllte Luftballons<\/li>\n \t<li>Gegenst\u00e4nde mit metallbeschichteter Oberfl\u00e4che<\/li>\n \t<li>Flaschen, Becher, Kr\u00fcge oder Dosen aus zerbrechlichem oder hartem Material<\/li>\n<\/ul>\n<div>Rucks\u00e4cke und Taschen werden an den Eing\u00e4ngen kontrolliert.<\/div>\n<\/div><\/li>\n \t<li class=\"accordion_item\"><a class=\"title\">\nWie viel Geld brauche ich auf dem Cannstatter Wasen? <i class=\"fa fa-chevron-down\"><\/i>\n<\/a>\n<div class=\"content\">\n<div>Das kommt darauf an, wie viel Sie konsumieren m\u00f6chten. Eintritt m\u00fcssen Sie nicht\nbezahlen. Sie k\u00f6nnen den Wasen daher auch v\u00f6llig ohne Geld besuchen. Nach oben gibt\nes hingegen keine Grenzen.<\/div>\n<\/div><\/li>\n<\/ul>\n<\/div>\n<\/div>\n<\/section><\/div>\n<\/div>","protected":false},"excerpt":{"rendered":"<p>Die schw\u00e4bische Antwort auf das Oktoberest. Erfahre alles \u00fcber den Cannstatter Wasen!<\/p>\n","protected":false},"author":1,"featured_media":200,"comment_status":"open","ping_status":"open","sticky":false,"template":"","format":"standard","meta":{"footnotes":""},"categories":[1],"tags":[],"class_list":["post-199","post","type-post","status-publish","format-standard","has-post-thumbnail","hentry","category-mainpost"],"_links":{"self":[{"href":"https:\/\/www.alpenclassics.de\/ratgeber\/wp-json\/wp\/v2\/posts\/199","targetHints":{"allow":["GET"]}}],"collection":[{"href":"https:\/\/www.alpenclassics.de\/ratgeber\/wp-json\/wp\/v2\/posts"}],"about":[{"href":"https:\/\/www.alpenclassics.de\/ratgeber\/wp-json\/wp\/v2\/types\/post"}],"author":[{"embeddable":true,"href":"https:\/\/www.alpenclassics.de\/ratgeber\/wp-json\/wp\/v2\/users\/1"}],"replies":[{"embeddable":true,"href":"https:\/\/www.alpenclassics.de\/ratgeber\/wp-json\/wp\/v2\/comments?post=199"}],"version-history":[{"count":12,"href":"https:\/\/www.alpenclassics.de\/ratgeber\/wp-json\/wp\/v2\/posts\/199\/revisions"}],"predecessor-version":[{"id":415,"href":"https:\/\/www.alpenclassics.de\/ratgeber\/wp-json\/wp\/v2\/posts\/199\/revisions\/415"}],"wp:featuredmedia":[{"embeddable":true,"href":"https:\/\/www.alpenclassics.de\/ratgeber\/wp-json\/wp\/v2\/media\/200"}],"wp:attachment":[{"href":"https:\/\/www.alpenclassics.de\/ratgeber\/wp-json\/wp\/v2\/media?parent=199"}],"wp:term":[{"taxonomy":"category","embeddable":true,"href":"https:\/\/www.alpenclassics.de\/ratgeber\/wp-json\/wp\/v2\/categories?post=199"},{"taxonomy":"post_tag","embeddable":true,"href":"https:\/\/www.alpenclassics.de\/ratgeber\/wp-json\/wp\/v2\/tags?post=199"}],"curies":[{"name":"wp","href":"https:\/\/api.w.org\/{rel}","templated":true}]}}