{"id":184,"date":"2022-01-11T17:59:20","date_gmt":"2022-01-11T17:59:20","guid":{"rendered":"https:\/\/www.alpenclassics.de\/ratgeber\/?p=184"},"modified":"2022-01-18T18:11:32","modified_gmt":"2022-01-18T18:11:32","slug":"tegernseer-tracht","status":"publish","type":"post","link":"https:\/\/www.alpenclassics.de\/ratgeber\/tegernseer-tracht\/","title":{"rendered":"Tegernseer Tracht"},"content":{"rendered":"<div id=\"oktoberfest-orientierung\" class=\"tegernseer_tracht page-wrap mm-page mm-slideout\">\n<div class=\"bsr\"><\/div>\n<section class=\"hero\">\n<div class=\"gradient-overlay\">\n<div class=\"container\">\n<div class=\"hero-img\">\n                    <img decoding=\"async\" src=\"..\/files\/images\/hero-tegernseer-trachten.png\" alt=\"\"><\/div>\n<div class=\"hero-content\">\n<h1 class=\"hero-heading\">\n                        Die Tegernseer Tracht\n<span>Traditionen aus Oberbayern<\/span><\/h1>\n<a href=\"#info\" class=\"button\">Mehr erfahren <i class=\"fa fa-chevron-down\"><\/i><\/a>\n\n<\/div>\n<\/div>\n<\/div>\n<\/section>\n<div class=\"container section-container\">\n<section class=\"overview\" id=\"info\">\n<div class=\"container dashed-container\">\n<div class=\"row\">\n<div class=\"col-sm-7 col-xs-12 about\">\n<h2>\u00dcber die Tegernseer Tracht<\/h2>\n<div>Trachten stellten und stellen eine typische Bekleidungsform vor allem der l\u00e4ndlichen\nRegionen Bayerns, Baden-W\u00fcrttembergs, \u00d6sterreichs und der Schweiz dar. Entstanden sind die\nTrachten aus der Arbeitskleidung der Bauern und B\u00e4uerinnen, die neben Hose und Hemd f\u00fcr die\nM\u00e4nner ebenfalls aus Bluse und Rock mit Sch\u00fcrze f\u00fcr die Frauen bestanden. Vor allem an\nFesttagen wurden gern besondere Kleidungsst\u00fccke getragen, welche meist zus\u00e4tzlich verziert\nwaren und f\u00fcr die etwas bessere Stoffe eingesetzt wurden. Aus der Festkleidung entwickelte\nsich dann sp\u00e4ter die Tracht. Eine besonders bekannte und gleichzeitig hochwertige\nTrachtenform ist die Tegernseer Tracht.<\/div>\n<div>Die stilvolle Bekleidung der Region ist auch unter dem Synonym Miesbacher Tracht bekannt.\nDer Grund am Begriff Miesbacher Tracht liegt darin, dass in der heutigen Kreisstadt Miesbach\ndie Urspr\u00fcnge der gesamten bayerischen Trachtenbewegung sowie der Tegernseer Tracht liegen.\nBereits ab den 50er Jahren des 19. Jahrhunderts waren die Landestrachten in den Miesbacher\nGesellschaften beliebt und man k\u00fcmmerte sich um Erhalt und Fortbestand der eleganten\nBekleidungsform. Im Jahr 1884 wurde in der Stadt Miesbach der erste Trachtenverein Bayerns\ngegr\u00fcndet. Dieser Verein war eben f\u00fcr den Erhalt der vielf\u00e4ltigen Br\u00e4uche der Region sowie\nder traditionellen Trachten zust\u00e4ndig, denn es gab die Tendenz, dass die typische bayerische\nTracht, wie es sie seit langer Zeit gab, zu verschwinden drohte. Der Grund lag darin, dass\ndie bayerische Tracht vor allem f\u00fcr die j\u00fcngeren Leute unattraktiv geworden war.<\/div>\n<div>Doch statt das es zu einem Verschwinden der Trachten kam, wurden diese \u00fcber die Grenzen des\nFreistaates hinaus bekannt und beliebt. Nach dem Vorbild des Miesbacher Trachtenvereins\nentstanden auch in Baden-W\u00fcrttemberg Trachtenvereinigungen, die die Trachten der Tegernseer\nRegion als typische bayerische Tracht ansahen, obwohl es in Bayern bereits damals viele\nweitere Trachtenvereine und damit unterschiedliche Trachtenformen gab. Mit der Entstehung\ndes Tourismus Anfang des 20. Jahrhunderts wurden die Regionen Bayerns und Baden-W\u00fcrttembergs\nf\u00fcr Erholungssuchende zunehmend attraktiv, vor allem f\u00fcr betuchte B\u00fcrger aus den Gro\u00dfst\u00e4dten\nwie M\u00fcnchen, die zur Erholung in den Sommermonaten aufs angenehm temperierte Land\nfl\u00fcchteten.<\/div>\n<div>Die bayerischen Trachten, allen voran die Miesbacher beziehungsweise Tegernseer Trachten\nfanden bei den Erholungssuchenden gro\u00dfen Anklang, weil sich die Hosen und R\u00f6cke sowie\nOberteile hervorragend f\u00fcr die Ausfl\u00fcge in die Berge eigneten. Damit gelang es den\nverschiedenen Herstellern, den Umsatz mit Trachtenmode deutlich zu steigern. Weil die Mode\nschick und kleidsam war, trugen Damen und Herren die k\u00e4uflich erworbenen Trachten dann sogar\nin M\u00fcnchen oder anderen St\u00e4dten Bayerns.<\/div>\n<\/div>\n<div class=\"col-sm-5 col-xs-12 chapter-nav\">\n<ul>\n \t<li>\n<div onclick=\"location.href='#tegernseer_trachten_section1'\" class=\"chapter-item\">\n<div class=\"chapter-item-img\">\n                                        <img decoding=\"async\" src=\"..\/files\/images\/tegernseer_trachten_icon1.png\" alt=\"\"><\/div>\n<div class=\"double-line\">\n                                        Stilmerkmale der Tegernseer\nTrachten f\u00fcr Frauen<\/div>\n<\/div>\n<img decoding=\"async\" src=\"..\/files\/images\/chapter-bg.png\" alt=\"\" class=\"chapter-bg\"><\/li>\n \t<li>\n<div onclick=\"location.href='#tegernseer_trachten_section2'\" class=\"chapter-item\">\n<div class=\"chapter-item-img\">\n                                        <img decoding=\"async\" src=\"..\/files\/images\/tegernseer_trachten_icon2.png\" alt=\"\"><\/div>\n<div class=\"double-line\">\n                                        Stilmerkmale der Tegernseer\nTracht bei den M\u00e4nnern<\/div>\n<\/div>\n<img decoding=\"async\" src=\"..\/files\/images\/chapter-bg.png\" alt=\"\" class=\"chapter-bg\"><\/li>\n \t<li>\n<div onclick=\"location.href='#tegernseer_trachten_section3'\" class=\"chapter-item\">\n<div class=\"chapter-item-img\">\n                                        <img decoding=\"async\" src=\"..\/files\/images\/tegernseer_trachten_icon3.png\" alt=\"\"><\/div>\n<div class=\"double-line\">\n                                        Br\u00e4uche und Kultur aus der\nRegion Tegernsee<\/div>\n<\/div>\n<img decoding=\"async\" src=\"..\/files\/images\/chapter-bg.png\" alt=\"\" class=\"chapter-bg\"><\/li>\n<\/ul>\n<\/div>\n<\/div>\n<\/div>\n<\/section>\n<section class=\"chapter\" id=\"tegernseer_trachten_section1\">\n<div class=\"container wrapper-container\">\n<div class=\"wrapper\">\n<div class=\"chapter-header\">\n                        <span class=\"chapter-header-icon\"><img decoding=\"async\" src=\"..\/files\/images\/tegernseer_trachten_icon1.png\" alt=\"\"><\/span>\n<div class=\"chapter-header-bar\">\n<div class=\"chapter-header-border\"><\/div>\n<\/div>\n<\/div>\n<h2 class=\"chapter-heading\">\n                        Stilmerkmale der Tegernseer Trachten f\u00fcr Frauen<\/h2>\n<div class=\"justify-columns\">\n<figure class=\"figure alignright\">\n                            <img decoding=\"async\" src=\"..\/files\/images\/tegernseer_trachten_content_img_1.jpg\">\n<a href=\"https:\/\/www.alpenclassics.de\/dirndl\/\" class=\"button\">Entdecke unsere Dirndl <i class=\"fa fa-angle-right\"><\/i><\/a><\/figure>\n<div>Das typische Tegernseer <a href=\"https:\/\/www.alpenclassics.de\/dirndl\/\">Dirndl<\/a> der\nRegion am Tegernsee weist einen schlichten, eher klassischen Stil auf. Es besteht aus den\nElementen Oberteil mit Arm sowie Rock und Sch\u00fcrze und wird im Unterschied zu anderen\nTrachten ohne Bluse getragen. Das Besondere am Tegernseer Dirndl ist das sogenannte\nSchosserl. Die L\u00e4nge des Dirndls liegt zwischen Knie- und Kn\u00f6chell\u00e4nge und wird nach\nGeschmack gew\u00e4hlt. Das Tegernseer Dirndl wurde durch die fr\u00fchere spanische Hoftracht\nbeeinflusst. An den Tegernsee kamen die Formen dank der Verbindungen der Wittelsbacher und\nder Bourbonen, welche die Trachtenelemente gegen Ende des 19. Jahrhunderts \u00fcber\nRottach-Egern nach Wallberg brachten.<\/div>\n<div>Das Sch\u00f6ne am Tegernseer Dirndl ist, dass es praktisch von jeder Dame, gleich welcher\nKonfektionsgr\u00f6\u00dfe, getragen werden kann. Daf\u00fcr werden die Modelle extra angepasst, damit sie\ndann beim Tragen auch wirklich gut sitzen. Die Stoffe, aus denen die Tegernseer Kleider\nbestehen, sind vielf\u00e4ltig. Neben Baumwolle und Leinen gibt es die Dirndl ebenfalls aus\nfeiner Seide sowie mit Samt- oder mit Organza-Besatz.<\/div>\n<div>Dem Variantenreichtum die Tegernseer Dirndlkleider betreffend sind praktisch keine Grenzen\ngesetzt und es gibt deshalb eine unendliche Vielfalt an Modellen. \u00dcbrigens werden viele\nStoffe der Tegernseer Trachten noch ganz traditionell von Hand gewebt und aufwendig\nbestickt, was die Dirndl wahrlich einzigartig macht. Als zus\u00e4tzliche Hingucker kommen dann\nnoch edle Accessoires mit kleinen Verzierungen ins Spiel, wie T\u00fccher und Taschen, Pumps und\nSchmuck. Die Trachten-Accessoires werden dabei nat\u00fcrlich farblich perfekt auf das Dirndl\nabgestimmt.<\/div>\n<\/div>\n<\/div>\n<\/div>\n<\/section>\n<section class=\"chapter\" id=\"tegernseer_trachten_section2\">\n<div class=\"container wrapper-container\">\n<div class=\"wrapper\">\n<div class=\"chapter-header\">\n                        <span class=\"chapter-header-icon\"><img decoding=\"async\" src=\"..\/files\/images\/tegernseer_trachten_icon2.png\" alt=\"\"><\/span>\n<div class=\"chapter-header-bar\">\n<div class=\"chapter-header-border\"><\/div>\n<\/div>\n<\/div>\n<h2 class=\"chapter-heading\">\n                        Stilmerkmale der Tegernseer Tracht bei den M\u00e4nnern<\/h2>\n<div class=\"justify-columns\">\n<figure class=\"figure alignleft\">\n                            <img decoding=\"async\" src=\"..\/files\/images\/tegernseer_trachten_content_img_2.jpg\">\n<a href=\"https:\/\/www.alpenclassics.de\/trachtenmode-herren-trachtenwesten\/\" class=\"button\">Entdecke unsere Trachtenwesten <i class=\"fa fa-angle-right\"><\/i><\/a><\/figure>\n<div>Selbstverst\u00e4ndlich ist auch die Tegernseer Tracht f\u00fcr M\u00e4nner einzigartig und wundersch\u00f6n.\nDer Unterschied liegt neben den einzelnen Elementen der M\u00e4nnermode in einer eher\nschlichteren Gestaltung, wobei gerade bei den Westen gern auch hochwertige, fein gl\u00e4nzende\nStoffe verwendet werden. Die Basiselemente der M\u00e4nnertracht bestehen aus der <a href=\"https:\/\/www.alpenclassics.de\/trachtenmode-herren-kurze-lederhosen\/\">Lederhose<\/a>\nund dem Hemd sowie den Schuhen. Meist wird das Set mit einem Janker, einem <a href=\"https:\/\/www.alpenclassics.de\/gilet\/\">Gilet<\/a> oder einer <a href=\"https:\/\/www.alpenclassics.de\/trachtenmode-herren-trachtenwesten\/\">Weste<\/a>\nkomplettiert. Die Tegernseer Trachten f\u00fcr Herren sind wie die f\u00fcr Damen ebenfalls in vielen\nFarben zu haben. Besonders beliebt sind bei den M\u00e4nnern Braun und Blau, Anthrazit und\nSchwarz.<\/div>\n<div>Zu den typischen Materialien, aus denen die Tegernseer Trachten f\u00fcr Herren hergestellt\nwerden, geh\u00f6ren Leder, Wolle, Loden, Samt und Seide. Die Trachtenhemden bestehen meist aus\nBaumwolle. Zauberhafte Details wie Stickereien und Paspelierungen sowie aufwendig gestaltete\nKn\u00f6pfe geben den Trachten f\u00fcr Herren ein einzigartiges, sehr edles Aussehen. Dank der\nhochwertigen Verarbeitung der Kleidungsst\u00fccke sind die Trachten f\u00fcr Herren wunderbar\npflegeleicht und weitgehend knitterfrei. Als Accessoires tragen die Herren zu ihren Trachten\nfarblich abgestimmte Str\u00fcmpfe, kleine T\u00fccher sowie das obligatorische Jagdmesser.<\/div>\n<\/div>\n<\/div>\n<\/div>\n<\/section>\n<section class=\"chapter\" id=\"tegernseer_trachten_section3\">\n<div class=\"container wrapper-container\">\n<div class=\"wrapper\">\n<div class=\"chapter-header\">\n                        <span class=\"chapter-header-icon\"><img decoding=\"async\" src=\"..\/files\/images\/tegernseer_trachten_icon3.png\" alt=\"\"><\/span>\n<div class=\"chapter-header-bar\">\n<div class=\"chapter-header-border\"><\/div>\n<\/div>\n<\/div>\n<h2 class=\"chapter-heading\">\n                        Br\u00e4uche und Kultur aus der Region Tegernsee<\/h2>\n<div class=\"justify-columns\">\n<div>Neben den einzigartigen Trachten und einer wundersch\u00f6nen Natur hat die Tegernseer Region\nviele weitere Attraktionen zu bieten. Das Brauchtum spielt in Bayern und damit auch am\nTegernsee nach wie vor eine wichtige Rolle, weshalb es praktisch das gesamte Jahr \u00fcber immer\nwieder jahreszeitliche Feste gibt. Ein besonders wichtige Tradition stellt das Aufstellen\ndes Maibaumes dar. Genau am 1. Mai eines jeden Jahres wird das blau-wei\u00dfe Stangerl an einem\nmarkanten Punkt der Gemeinde, meist auf dem Dorfplatz, aufgestellt. Das Aufstellen des\nMaibaums wird dabei von den jungen Burschen des Dorfes \u00fcbernommen, welche die Aufgabe bis\nzum Mittag meistern m\u00fcssen. Danach wird den ganzen Tag \u00fcber der Start in den Monat Mai\ngefeiert.<\/div>\n<div>Einen weiteren H\u00f6hepunkt bei den traditionsreichen Festen der Tegernseer Region stellt der\nAlmabtrieb dar. Nachdem die Tiere das ganze Jahr \u00fcber auf den Almen waren, kehren sie dann\nunter dem Gel\u00e4ut der vielen Glocken und geschm\u00fcckt mit bunten B\u00e4ndern und Kr\u00e4nzen aus\nTannengr\u00fcn in die heimischen St\u00e4lle zur\u00fcck. Es versteht sich von selbst, dass neben den\nBauern und Einwohnern in sch\u00f6nster Tegernseer Tracht auch viele G\u00e4ste dem lustigen Treiben\nzuschauen. Zu den genannten traditionellen Festen Maibaumschlagen und Almabtrieb gibt es in\nder Region um den Tegernsee viele weitere Br\u00e4uche zu erleben. Nat\u00fcrlich darf dabei das\nTragen der Tegernseer Tracht auf keinen Fall fehlen. Selbstverst\u00e4ndlich werden zu den\nvielf\u00e4ltigen Festen auch die H\u00e4user und kleinen Kirchen entsprechend geschm\u00fcckt, was der\ngesamten Region einen wunderbaren Charme sowie ein einzigartiges Ambiente gibt.<\/div>\n<\/div>\n<\/div>\n<\/div>\n<\/section><\/div>\n<\/div>","protected":false},"excerpt":{"rendered":"<p>Tradition und Tracht haben einen hohen Stellenwert am Tegernsee. Finde heraus warum!<\/p>\n","protected":false},"author":1,"featured_media":185,"comment_status":"open","ping_status":"open","sticky":false,"template":"","format":"standard","meta":{"footnotes":""},"categories":[1],"tags":[],"class_list":["post-184","post","type-post","status-publish","format-standard","has-post-thumbnail","hentry","category-mainpost"],"_links":{"self":[{"href":"https:\/\/www.alpenclassics.de\/ratgeber\/wp-json\/wp\/v2\/posts\/184","targetHints":{"allow":["GET"]}}],"collection":[{"href":"https:\/\/www.alpenclassics.de\/ratgeber\/wp-json\/wp\/v2\/posts"}],"about":[{"href":"https:\/\/www.alpenclassics.de\/ratgeber\/wp-json\/wp\/v2\/types\/post"}],"author":[{"embeddable":true,"href":"https:\/\/www.alpenclassics.de\/ratgeber\/wp-json\/wp\/v2\/users\/1"}],"replies":[{"embeddable":true,"href":"https:\/\/www.alpenclassics.de\/ratgeber\/wp-json\/wp\/v2\/comments?post=184"}],"version-history":[{"count":3,"href":"https:\/\/www.alpenclassics.de\/ratgeber\/wp-json\/wp\/v2\/posts\/184\/revisions"}],"predecessor-version":[{"id":300,"href":"https:\/\/www.alpenclassics.de\/ratgeber\/wp-json\/wp\/v2\/posts\/184\/revisions\/300"}],"wp:featuredmedia":[{"embeddable":true,"href":"https:\/\/www.alpenclassics.de\/ratgeber\/wp-json\/wp\/v2\/media\/185"}],"wp:attachment":[{"href":"https:\/\/www.alpenclassics.de\/ratgeber\/wp-json\/wp\/v2\/media?parent=184"}],"wp:term":[{"taxonomy":"category","embeddable":true,"href":"https:\/\/www.alpenclassics.de\/ratgeber\/wp-json\/wp\/v2\/categories?post=184"},{"taxonomy":"post_tag","embeddable":true,"href":"https:\/\/www.alpenclassics.de\/ratgeber\/wp-json\/wp\/v2\/tags?post=184"}],"curies":[{"name":"wp","href":"https:\/\/api.w.org\/{rel}","templated":true}]}}